{"id":2916,"date":"2015-05-13T22:24:08","date_gmt":"2015-05-13T20:24:08","guid":{"rendered":"http:\/\/blogs.elcomercio.es\/largo_de_cafe\/?p=2916"},"modified":"2015-05-13T22:24:08","modified_gmt":"2015-05-13T20:24:08","slug":"como-una-maldicion","status":"publish","type":"post","link":"https:\/\/blogs.elcomercio.es\/largo_de_cafe\/2015\/05\/13\/como-una-maldicion\/","title":{"rendered":"COMO UNA MALDICI\u00d3N"},"content":{"rendered":"<p>Seg\u00fan el Centro de Predicci\u00f3n Econ\u00f3mica (Ceprede) el Principado ser\u00e1 la comunidad aut\u00f3noma que va a tener menor crecimiento econ\u00f3mico este a\u00f1o y el que viene. Para 2015, el aumento del PIB ser\u00e1 del 1,2% (Ceprede calcula que el PIB espa\u00f1ol crecer\u00e1 el 3%) y en 2016 el aumento del producto regional ascender\u00e1 al 1%; en el pr\u00f3ximo ejercicio, el aumento de econom\u00eda asturiana quedar\u00e1 muy lejos de la mitad del incremento del conjunto de regiones. Hace unos d\u00edas, el gabinete de estudios del BBVA tambi\u00e9n nos colocaba en el furg\u00f3n de cola del crecimiento econ\u00f3mico y la agencia Ficht afirmaba que Asturias hab\u00eda tenido la mayor p\u00e9rdida de riqueza de todas las comunidades aut\u00f3nomas durante los a\u00f1os de la crisis econ\u00f3mica. Los que m\u00e1s perdemos en los a\u00f1os de recesi\u00f3n y los que menos crecemos en los periodos de recuperaci\u00f3n. Tal parece que Asturias vive bajo el peso de una maldici\u00f3n. <\/p>\n<p>Aunque el Principado se ha fijado como norte el empleo, el volumen de inversi\u00f3n regional es un 65% inferior a hace diez a\u00f1os. Sin embargo,  en ese tiempo fuimos la regi\u00f3n que m\u00e1s aument\u00f3 el gasto improductivo (gasto corriente) en t\u00e9rminos porcentuales. Junto con Catalu\u00f1a nos pusimos a la cabeza del esfuerzo fiscal y aumentamos el endeudamiento a un ritmo de un mill\u00f3n de euros al d\u00eda. En el a\u00f1o 2014, llamado el a\u00f1o uno de la recuperaci\u00f3n, Asturias s\u00f3lo aument\u00f3 el porcentaje de trabajadores ocupados en el 0,1%. Este cuadro de datos, a cual m\u00e1s negativo, forman la patolog\u00eda asturiana. Un conjunto de indicadores que no acumula, ni lejanamente, ninguna regi\u00f3n. Y por encima del gradiente negativo lo que m\u00e1s llama la atenci\u00f3n es la causa de tanta desgracia colectiva. \u00bfC\u00f3mo puede tener Andaluc\u00eda, con casi un 35% de paro, mayor crecimiento econ\u00f3mico (el pr\u00f3ximo a\u00f1o casi crecer\u00e1 el triple) que Asturias?<\/p>\n<p>Cristina Coto dice que los datos son consecuencia de las pol\u00edticas socialistas, respaldadas por Rajoy. Hay un hecho indudable: esta tierra siempre estuvo gobernada por los mismos, salvo dos cortos par\u00e9ntesis protagonizados por los gobiernos de Sergio Marqu\u00e9s y \u00c1lvarez-Cascos. Alguna responsabilidad tienen que tener los socialistas en el declive asturiano. Durante todos estos a\u00f1os de malos resultados, ning\u00fan dirigente socialista hizo menci\u00f3n a los mismos. Es formidable el intento de lavado de cerebro de la opini\u00f3n p\u00fablica, hablando de aspectos secundarios, cuando no irrelevantes, para evitar encararse con la patolog\u00eda regional. <\/p>\n<!-- AddThis Advanced Settings generic via filter on the_content --><!-- AddThis Share Buttons generic via filter on the_content -->","protected":false},"excerpt":{"rendered":"<p>Seg\u00fan el Centro de Predicci\u00f3n Econ\u00f3mica (Ceprede) el Principado ser\u00e1 la comunidad aut\u00f3noma que va a tener menor crecimiento econ\u00f3mico este a\u00f1o y el que viene. Para 2015, el aumento del PIB ser\u00e1 del 1,2% (Ceprede calcula que el PIB espa\u00f1ol crecer\u00e1 el 3%) y en 2016 el aumento del producto regional ascender\u00e1 al 1%; [&hellip;]<!-- AddThis Advanced Settings generic via filter on get_the_excerpt --><!-- AddThis Share Buttons generic via filter on get_the_excerpt --><\/p>\n","protected":false},"author":2,"featured_media":0,"comment_status":"open","ping_status":"open","sticky":false,"template":"","format":"standard","meta":[],"categories":[4],"tags":[],"_links":{"self":[{"href":"https:\/\/blogs.elcomercio.es\/largo_de_cafe\/wp-json\/wp\/v2\/posts\/2916"}],"collection":[{"href":"https:\/\/blogs.elcomercio.es\/largo_de_cafe\/wp-json\/wp\/v2\/posts"}],"about":[{"href":"https:\/\/blogs.elcomercio.es\/largo_de_cafe\/wp-json\/wp\/v2\/types\/post"}],"author":[{"embeddable":true,"href":"https:\/\/blogs.elcomercio.es\/largo_de_cafe\/wp-json\/wp\/v2\/users\/2"}],"replies":[{"embeddable":true,"href":"https:\/\/blogs.elcomercio.es\/largo_de_cafe\/wp-json\/wp\/v2\/comments?post=2916"}],"version-history":[{"count":0,"href":"https:\/\/blogs.elcomercio.es\/largo_de_cafe\/wp-json\/wp\/v2\/posts\/2916\/revisions"}],"wp:attachment":[{"href":"https:\/\/blogs.elcomercio.es\/largo_de_cafe\/wp-json\/wp\/v2\/media?parent=2916"}],"wp:term":[{"taxonomy":"category","embeddable":true,"href":"https:\/\/blogs.elcomercio.es\/largo_de_cafe\/wp-json\/wp\/v2\/categories?post=2916"},{"taxonomy":"post_tag","embeddable":true,"href":"https:\/\/blogs.elcomercio.es\/largo_de_cafe\/wp-json\/wp\/v2\/tags?post=2916"}],"curies":[{"name":"wp","href":"https:\/\/api.w.org\/{rel}","templated":true}]}}