{"id":2937,"date":"2015-06-01T23:40:31","date_gmt":"2015-06-01T21:40:31","guid":{"rendered":"http:\/\/blogs.elcomercio.es\/largo_de_cafe\/?p=2937"},"modified":"2015-06-01T23:40:31","modified_gmt":"2015-06-01T21:40:31","slug":"el-peso-del-pasado","status":"publish","type":"post","link":"https:\/\/blogs.elcomercio.es\/largo_de_cafe\/2015\/06\/01\/el-peso-del-pasado\/","title":{"rendered":"EL PESO DEL PASADO"},"content":{"rendered":"<p>Las negociaciones entre los partidos para poner las bases del pr\u00f3ximo mandato se inician esta semana. A escala municipal hubo encuentros exploratorios, pero las negociaciones, propiamente dichas, se empezar\u00e1n a desarrollar en los pr\u00f3ximos d\u00edas. En esta cuesti\u00f3n hay que distinguir dos realidades distintas, una formada por las instituciones auton\u00f3micas y la otra por las corporaciones municipales. En el Principado disponen de mucho m\u00e1s tiempo, y la investidura del cabeza de la lista m\u00e1s votada viene facilitada por la imposibilidad legal de los diputados de votar en contra. En los ayuntamientos s\u00f3lo cuentan con doce d\u00edas para cerrar los pactos (el 13 de junio se constituyen las corporaciones). <\/p>\n<p>Javier Fern\u00e1ndez habla de negociar acuerdos puntuales sin entrar en especificaciones. Est\u00e1 claro que se refiere a la gobernabilidad del mandato, porque para la sesi\u00f3n investidura no prev\u00e9 que necesite socios. Mercedes Fern\u00e1ndez ha anunciado que presentar\u00e1 en la Junta General del Principado su candidatura a la Presidencia del Gobierno, solicitando el apoyo de Foro y Ciudadanos. A los socialistas no les preocupa y tienen razones para sentirse tranquilos. Los dirigentes de Ciudadanos ven dif\u00edciles los acuerdos con el PP, y en Foro est\u00e1 muy reciente todos los obst\u00e1culos puestos  por Mercedes Fern\u00e1ndez para obtener la mayor\u00eda de la C\u00e1mara. En 2012, en nombre del partido m\u00e1s votado del centro-derecha, Cascos trataba de liderar una negociaci\u00f3n con PP y UPyD, que representaban 23 esca\u00f1os. Mercedes Fern\u00e1ndez manifest\u00f3 que la presidenta de un hipot\u00e9tico gobierno de centro-derecha ten\u00eda que ser ella, porque era m\u00e1s joven que Cascos. Un criterio de edad, propio de sociedades arcaicas, para impedir que Foro presidiera el Gobierno. Luego lleg\u00f3 Montoro para echar una mano amenazando con intervenir la Administraci\u00f3n regional por el estado de sus cuentas. Rosa D\u00edez gesticul\u00f3 alarmada, y la mayor\u00eda del Parlament\u00f3 se nucle\u00f3 en torno a Javier Fern\u00e1ndez. Una historia muy reciente que impide apoyar el ascenso de Cherines a la jefatura del Gobierno a las primeras de cambio. Durante cuatro a\u00f1os el PP asturiano hizo todo lo posible para aislar a Foro, y ahora no puede pretender que los cuatro diputados de Foro la voten para presidenta. Adem\u00e1s, aunque Foro y Ciudadanos (seis esca\u00f1os) la apoyaran, la uni\u00f3n de PSOE e IU garantizar\u00eda el gobierno para la izquierda. Queda en el aire la alternativa de Podemos.      <\/p>\n<!-- AddThis Advanced Settings generic via filter on the_content --><!-- AddThis Share Buttons generic via filter on the_content -->","protected":false},"excerpt":{"rendered":"<p>Las negociaciones entre los partidos para poner las bases del pr\u00f3ximo mandato se inician esta semana. A escala municipal hubo encuentros exploratorios, pero las negociaciones, propiamente dichas, se empezar\u00e1n a desarrollar en los pr\u00f3ximos d\u00edas. En esta cuesti\u00f3n hay que distinguir dos realidades distintas, una formada por las instituciones auton\u00f3micas y la otra por las [&hellip;]<!-- AddThis Advanced Settings generic via filter on get_the_excerpt --><!-- AddThis Share Buttons generic via filter on get_the_excerpt --><\/p>\n","protected":false},"author":2,"featured_media":0,"comment_status":"open","ping_status":"open","sticky":false,"template":"","format":"standard","meta":[],"categories":[4],"tags":[],"_links":{"self":[{"href":"https:\/\/blogs.elcomercio.es\/largo_de_cafe\/wp-json\/wp\/v2\/posts\/2937"}],"collection":[{"href":"https:\/\/blogs.elcomercio.es\/largo_de_cafe\/wp-json\/wp\/v2\/posts"}],"about":[{"href":"https:\/\/blogs.elcomercio.es\/largo_de_cafe\/wp-json\/wp\/v2\/types\/post"}],"author":[{"embeddable":true,"href":"https:\/\/blogs.elcomercio.es\/largo_de_cafe\/wp-json\/wp\/v2\/users\/2"}],"replies":[{"embeddable":true,"href":"https:\/\/blogs.elcomercio.es\/largo_de_cafe\/wp-json\/wp\/v2\/comments?post=2937"}],"version-history":[{"count":0,"href":"https:\/\/blogs.elcomercio.es\/largo_de_cafe\/wp-json\/wp\/v2\/posts\/2937\/revisions"}],"wp:attachment":[{"href":"https:\/\/blogs.elcomercio.es\/largo_de_cafe\/wp-json\/wp\/v2\/media?parent=2937"}],"wp:term":[{"taxonomy":"category","embeddable":true,"href":"https:\/\/blogs.elcomercio.es\/largo_de_cafe\/wp-json\/wp\/v2\/categories?post=2937"},{"taxonomy":"post_tag","embeddable":true,"href":"https:\/\/blogs.elcomercio.es\/largo_de_cafe\/wp-json\/wp\/v2\/tags?post=2937"}],"curies":[{"name":"wp","href":"https:\/\/api.w.org\/{rel}","templated":true}]}}