{"id":2938,"date":"2015-06-02T23:17:25","date_gmt":"2015-06-02T21:17:25","guid":{"rendered":"http:\/\/blogs.elcomercio.es\/largo_de_cafe\/?p=2938"},"modified":"2015-06-02T23:17:25","modified_gmt":"2015-06-02T21:17:25","slug":"negociacion-de-saldo-cero","status":"publish","type":"post","link":"https:\/\/blogs.elcomercio.es\/largo_de_cafe\/2015\/06\/02\/negociacion-de-saldo-cero\/","title":{"rendered":"NEGOCIACI\u00d3N DE SALDO CERO"},"content":{"rendered":"<p>El presidente del Principado empez\u00f3 la ronda de contactos con los portavoces de los dos grupos con menos diputados, Ciudadanos y Foro (tres esca\u00f1os cada uno). Nicanor Garc\u00eda avanz\u00f3 que se van a abstener en la votaci\u00f3n de investidura; no s\u00f3lo en la del candidato Javier Fern\u00e1ndez, sino en la de cualquier otro diputado que opte al cargo de presidente del Principado. En principio van a jugar al rol del espectador, aunque no descartan acuerdos en otros asuntos, como pueden ser los presupuestos. Cristina Coto no quiso revelar el sentido del voto de Foro a la investidura de Javier Fern\u00e1ndez, dando como argumento que es una decisi\u00f3n propia de la comisi\u00f3n directiva. De todo el Parlamento, Foro es el \u00fanico grupo que no ofrece margen para la duda: se abstendr\u00e1 de apoyar a cualquier candidato del PSOE o del PP. Por si alguien no se hab\u00eda enterado, Cascos declar\u00f3 que \u201clos problemas de los asturianos no se van a resolver con Javier Fern\u00e1ndez pactando a diestra y siniestra para seguir en la poltrona sin hacer nada, como hemos visto en los \u00faltimos tres a\u00f1os.\u201d<\/p>\n<p>Si Javier Fern\u00e1ndez contemplaba con mucha tranquilidad su investidura presidencial, tras los primeros contactos parlamentarios ha quedado ya totalmente relajado. Ciudadanos se va a abstener en todas las votaciones que se produzcan. La alternativa de Mercedes Fern\u00e1ndez va a contar s\u00f3lo con los once votos del PP. No va a necesitar el l\u00edder socialista la red de apoyo de \u201cla izquierda\u201d, muleta ret\u00f3rica que utiliza el PSOE siempre que necesita la ayuda gratis de IU. Los socialistas se van a bastar ellos solitos para batir a la dirigente popular, en el caso de que mantenga su pretensi\u00f3n de ofrecerse como presidenta ante la Junta General del Principado.<\/p>\n<p>Esta semana va a quedar cerrada la ronda de contactos. A priori, ning\u00fan partido va a poner mucho inter\u00e9s  en pactar con Javier Fern\u00e1ndez, salvo IU. Gaspar Llamazares maneja el esquema cl\u00e1sico de la alianza de la izquierda, que en esta ocasi\u00f3n deber\u00eda contar con la aportaci\u00f3n de Podemos. Los dirigentes de este grupo recelan de Javier Fern\u00e1ndez y el l\u00edder socialista prefiere ir con las manos libres a la investidura para poder realizar durante el mandato pactos a diestra y siniestra, como dec\u00eda Cascos. Un acuerdo en firme con IU no le garantiza una mayor\u00eda suficiente y le maniatar\u00eda para hacer pactos con el PP, que son los que le dan la mayor\u00eda absoluta. En resumen, una semana parlamentaria muy asturiana: saldo cero.  <\/p>\n<!-- AddThis Advanced Settings generic via filter on the_content --><!-- AddThis Share Buttons generic via filter on the_content -->","protected":false},"excerpt":{"rendered":"<p>El presidente del Principado empez\u00f3 la ronda de contactos con los portavoces de los dos grupos con menos diputados, Ciudadanos y Foro (tres esca\u00f1os cada uno). Nicanor Garc\u00eda avanz\u00f3 que se van a abstener en la votaci\u00f3n de investidura; no s\u00f3lo en la del candidato Javier Fern\u00e1ndez, sino en la de cualquier otro diputado que [&hellip;]<!-- AddThis Advanced Settings generic via filter on get_the_excerpt --><!-- AddThis Share Buttons generic via filter on get_the_excerpt --><\/p>\n","protected":false},"author":2,"featured_media":0,"comment_status":"open","ping_status":"open","sticky":false,"template":"","format":"standard","meta":[],"categories":[4],"tags":[],"_links":{"self":[{"href":"https:\/\/blogs.elcomercio.es\/largo_de_cafe\/wp-json\/wp\/v2\/posts\/2938"}],"collection":[{"href":"https:\/\/blogs.elcomercio.es\/largo_de_cafe\/wp-json\/wp\/v2\/posts"}],"about":[{"href":"https:\/\/blogs.elcomercio.es\/largo_de_cafe\/wp-json\/wp\/v2\/types\/post"}],"author":[{"embeddable":true,"href":"https:\/\/blogs.elcomercio.es\/largo_de_cafe\/wp-json\/wp\/v2\/users\/2"}],"replies":[{"embeddable":true,"href":"https:\/\/blogs.elcomercio.es\/largo_de_cafe\/wp-json\/wp\/v2\/comments?post=2938"}],"version-history":[{"count":0,"href":"https:\/\/blogs.elcomercio.es\/largo_de_cafe\/wp-json\/wp\/v2\/posts\/2938\/revisions"}],"wp:attachment":[{"href":"https:\/\/blogs.elcomercio.es\/largo_de_cafe\/wp-json\/wp\/v2\/media?parent=2938"}],"wp:term":[{"taxonomy":"category","embeddable":true,"href":"https:\/\/blogs.elcomercio.es\/largo_de_cafe\/wp-json\/wp\/v2\/categories?post=2938"},{"taxonomy":"post_tag","embeddable":true,"href":"https:\/\/blogs.elcomercio.es\/largo_de_cafe\/wp-json\/wp\/v2\/tags?post=2938"}],"curies":[{"name":"wp","href":"https:\/\/api.w.org\/{rel}","templated":true}]}}