{"id":294,"date":"2008-04-23T08:10:47","date_gmt":"2008-04-23T08:10:47","guid":{"rendered":"http:\/\/blogs.elcomercio.es\/largo_de_cafe\/?p=294"},"modified":"2008-04-23T08:10:47","modified_gmt":"2008-04-23T08:10:47","slug":"policia-razon-y-gasto","status":"publish","type":"post","link":"https:\/\/blogs.elcomercio.es\/largo_de_cafe\/2008\/04\/23\/policia-razon-y-gasto\/","title":{"rendered":"POLIC\u00cdA, RAZ\u00d3N Y GASTO"},"content":{"rendered":"<p>     Los dos grandes partidos, PSOE y PP, est\u00e1n de acuerdo en introducir en la reforma del Estatuto de Autonom\u00eda la novedad de la Polic\u00eda Auton\u00f3mica. Nuestra comunidad contar\u00e1 con Polic\u00eda propia, como ya han hecho otras regiones. Se puede crear este cuerpo por emanaci\u00f3n directa del nuevo Estatuto o hacerlo a trav\u00e9s de una ley ordinaria que desarrollar\u00e1 la nueva competencia incluida en la reforma estatutaria. <\/p>\n<p>     En el primer mandato del presidente Areces se plante\u00f3 la creaci\u00f3n de una unidad policial adscrita al Principado, que se nutrir\u00eda con el destino voluntario de miembros de las Fuerzas y Cuerpos de Seguridad del Estado. La iniciativa fue entonces muy contestada por la personalidad del mando policial designado para dirigirla. Traigo a colaci\u00f3n este hecho para recordar que ya entonces desde sectores de la derecha y la izquierda se argument\u00f3 que Asturias no necesitaba una Polic\u00eda Auton\u00f3mica, porque s\u00f3lo significaba un gasto absurdo, contando con la Polic\u00eda Nacional y la Guardia Civil. Es evidente que la dotaci\u00f3n de cualquier cuerpo funcionarial conlleva un gasto permanente en los Presupuestos del Principado. Pero lo que hace falta es discutir si es necesaria la existencia de un cuerpo policial de car\u00e1cter auton\u00f3mico.<\/p>\n<p>      El Gobierno central tiene unos cuerpos policiales desplegados por toda Espa\u00f1a, que tienen como misi\u00f3n la persecuci\u00f3n del delito, el mantenimiento del orden, la prestaci\u00f3n de auxilios y algunas funciones espec\u00edficas muy relevantes, como es la vigilancia y regulaci\u00f3n del tr\u00e1fico. A escala urbana existe la Polic\u00eda Municipal desempe\u00f1ando, dentro de las ciudades, algunas de las funciones que tienen las Fuerzas y Cuerpos de Seguridad del Estado. Entre el Gobierno central y las corporaciones municipales est\u00e1 el Principado que no tiene Polic\u00eda. Se trata de una situaci\u00f3n absurda, ya que alcaldes como Paz Fern\u00e1ndez Felgueroso o Gabino de Lorenzo, que no tienen apenas competencias en materias de educaci\u00f3n, sanidad o medio ambiente, cuentan con 300 agentes a su servicio, que pagamos todos los ciudadanos, y una instituci\u00f3n de mucho mayor peso, como es el Gobierno regional, tiene que pedir agentes prestados para escoltar los principales edificios p\u00fablicos de la comunidad aut\u00f3noma.   <\/p>\n<!-- AddThis Advanced Settings generic via filter on the_content --><!-- AddThis Share Buttons generic via filter on the_content -->","protected":false},"excerpt":{"rendered":"<p>Los dos grandes partidos, PSOE y PP, est\u00e1n de acuerdo en introducir en la reforma del Estatuto de Autonom\u00eda la novedad de la Polic\u00eda Auton\u00f3mica. Nuestra comunidad contar\u00e1 con Polic\u00eda propia, como ya han hecho otras regiones. Se puede crear este cuerpo por emanaci\u00f3n directa del nuevo Estatuto o hacerlo a trav\u00e9s de una ley [&hellip;]<!-- AddThis Advanced Settings generic via filter on get_the_excerpt --><!-- AddThis Share Buttons generic via filter on get_the_excerpt --><\/p>\n","protected":false},"author":2,"featured_media":0,"comment_status":"open","ping_status":"closed","sticky":false,"template":"","format":"standard","meta":[],"categories":[4],"tags":[],"_links":{"self":[{"href":"https:\/\/blogs.elcomercio.es\/largo_de_cafe\/wp-json\/wp\/v2\/posts\/294"}],"collection":[{"href":"https:\/\/blogs.elcomercio.es\/largo_de_cafe\/wp-json\/wp\/v2\/posts"}],"about":[{"href":"https:\/\/blogs.elcomercio.es\/largo_de_cafe\/wp-json\/wp\/v2\/types\/post"}],"author":[{"embeddable":true,"href":"https:\/\/blogs.elcomercio.es\/largo_de_cafe\/wp-json\/wp\/v2\/users\/2"}],"replies":[{"embeddable":true,"href":"https:\/\/blogs.elcomercio.es\/largo_de_cafe\/wp-json\/wp\/v2\/comments?post=294"}],"version-history":[{"count":0,"href":"https:\/\/blogs.elcomercio.es\/largo_de_cafe\/wp-json\/wp\/v2\/posts\/294\/revisions"}],"wp:attachment":[{"href":"https:\/\/blogs.elcomercio.es\/largo_de_cafe\/wp-json\/wp\/v2\/media?parent=294"}],"wp:term":[{"taxonomy":"category","embeddable":true,"href":"https:\/\/blogs.elcomercio.es\/largo_de_cafe\/wp-json\/wp\/v2\/categories?post=294"},{"taxonomy":"post_tag","embeddable":true,"href":"https:\/\/blogs.elcomercio.es\/largo_de_cafe\/wp-json\/wp\/v2\/tags?post=294"}],"curies":[{"name":"wp","href":"https:\/\/api.w.org\/{rel}","templated":true}]}}