{"id":2948,"date":"2015-06-12T21:39:30","date_gmt":"2015-06-12T19:39:30","guid":{"rendered":"http:\/\/blogs.elcomercio.es\/largo_de_cafe\/?p=2948"},"modified":"2015-06-12T21:39:30","modified_gmt":"2015-06-12T19:39:30","slug":"gijon-no-es-oviedo","status":"publish","type":"post","link":"https:\/\/blogs.elcomercio.es\/largo_de_cafe\/2015\/06\/12\/gijon-no-es-oviedo\/","title":{"rendered":"GIJ\u00d3N NO ES OVIEDO"},"content":{"rendered":"<p>Javier Fern\u00e1ndez abord\u00f3 el pol\u00e9mico asunto de las alcald\u00edas de Gij\u00f3n y Oviedo. Seg\u00fan el l\u00edder socialista, la l\u00f3gica de funcionamiento dicta que donde la izquierda es mayoritaria debe unirse para hacer valer su fuerza, siendo la alcald\u00eda para la lista m\u00e1s votada. Una norma que debe regir igual para el Ayuntamiento de Gij\u00f3n como para el de Oviedo. Hacer una excepci\u00f3n en Gij\u00f3n ser\u00eda, seg\u00fan Fern\u00e1ndez, admitir que Podemos es superior moralmente al PSOE. La negativa a apoyar a Jos\u00e9 Mar\u00eda P\u00e9rez se deber\u00eda a su ideolog\u00eda socialista, no a supuestas manchas en su ejecutoria como hombre p\u00fablico. <\/p>\n<p>El razonamiento de Javier Fern\u00e1ndez es s\u00f3lido y de muy f\u00e1cil aceptaci\u00f3n por la organizaci\u00f3n que lidera. Si los socialistas a\u00fapan a una dirigente de Podemos a la Alcald\u00eda de Oviedo, no tiene sentido que en Gij\u00f3n no reciba el PSOE un trato semejante. Formalmente, el argumento es impecable. A otra conclusi\u00f3n se llega si se analizan las circunstancias concretas de los dos ayuntamientos. En Oviedo, el PP lleva 24 a\u00f1os al frente de la ciudad. No estamos hablando de una organizaci\u00f3n popular cualquiera, sino del PP de Gabino de Lorenzo (m\u00e1s de veinte a\u00f1os), el PP de Gesuosa, de las obras con sobrecostes espectaculares, el PP del tira p\u2019alante que libras, el mismo de la operaci\u00f3n del Villa Magdalena, etc\u00e9tera. Mandar a la oposici\u00f3n a ese grupo es un imperativo democr\u00e1tico que le deben los socialistas a los ovetenses. En Gij\u00f3n, Foro lleva gobernando cuatro a\u00f1os. \u00bfPodr\u00eda se\u00f1alar Javier Fern\u00e1ndez una sola actuaci\u00f3n de Carmen Moriy\u00f3n que se parezca remotamente a las de Gabino de Lorenzo? El presidente en funciones sabe perfectamente que en Oviedo hay un r\u00e9gimen, como lo hab\u00eda en Cudillero. La actuaci\u00f3n de los dem\u00f3cratas, sean de izquierdas o derechas, es propiciar el cambio para oxigenar el Consistorio y recuperar la normalidad. En el Ayuntamiento de Gij\u00f3n no hay ning\u00fan r\u00e9gimen, ni un gobierno de tintes autoritarios, ni nada de nada. Tras 32 a\u00f1os de gobiernos socialistas, en Gij\u00f3n, la palabra cambio se relaciona con dejar a los socialistas en la oposici\u00f3n. As\u00ed lo entiende la gente de Xix\u00f3n S\u00ed Puede y la direcci\u00f3n esta fuerza pol\u00edtica prefiri\u00f3 apoyar a Mario Su\u00e1rez del Fueyo para el cargo de alcalde. Una plataforma formada por gente de Podemos e IU habla de propiciar un cambio real en el Ayuntamiento, uni\u00e9ndose las dos fuerzas. Consideran que poner a Jos\u00e9 Mar\u00eda P\u00e9rez en la Alcald\u00eda no es cambio, es retomar las pr\u00e1cticas de siempre.     <\/p>\n<!-- AddThis Advanced Settings generic via filter on the_content --><!-- AddThis Share Buttons generic via filter on the_content -->","protected":false},"excerpt":{"rendered":"<p>Javier Fern\u00e1ndez abord\u00f3 el pol\u00e9mico asunto de las alcald\u00edas de Gij\u00f3n y Oviedo. Seg\u00fan el l\u00edder socialista, la l\u00f3gica de funcionamiento dicta que donde la izquierda es mayoritaria debe unirse para hacer valer su fuerza, siendo la alcald\u00eda para la lista m\u00e1s votada. Una norma que debe regir igual para el Ayuntamiento de Gij\u00f3n como [&hellip;]<!-- AddThis Advanced Settings generic via filter on get_the_excerpt --><!-- AddThis Share Buttons generic via filter on get_the_excerpt --><\/p>\n","protected":false},"author":2,"featured_media":0,"comment_status":"open","ping_status":"open","sticky":false,"template":"","format":"standard","meta":[],"categories":[4],"tags":[],"_links":{"self":[{"href":"https:\/\/blogs.elcomercio.es\/largo_de_cafe\/wp-json\/wp\/v2\/posts\/2948"}],"collection":[{"href":"https:\/\/blogs.elcomercio.es\/largo_de_cafe\/wp-json\/wp\/v2\/posts"}],"about":[{"href":"https:\/\/blogs.elcomercio.es\/largo_de_cafe\/wp-json\/wp\/v2\/types\/post"}],"author":[{"embeddable":true,"href":"https:\/\/blogs.elcomercio.es\/largo_de_cafe\/wp-json\/wp\/v2\/users\/2"}],"replies":[{"embeddable":true,"href":"https:\/\/blogs.elcomercio.es\/largo_de_cafe\/wp-json\/wp\/v2\/comments?post=2948"}],"version-history":[{"count":0,"href":"https:\/\/blogs.elcomercio.es\/largo_de_cafe\/wp-json\/wp\/v2\/posts\/2948\/revisions"}],"wp:attachment":[{"href":"https:\/\/blogs.elcomercio.es\/largo_de_cafe\/wp-json\/wp\/v2\/media?parent=2948"}],"wp:term":[{"taxonomy":"category","embeddable":true,"href":"https:\/\/blogs.elcomercio.es\/largo_de_cafe\/wp-json\/wp\/v2\/categories?post=2948"},{"taxonomy":"post_tag","embeddable":true,"href":"https:\/\/blogs.elcomercio.es\/largo_de_cafe\/wp-json\/wp\/v2\/tags?post=2948"}],"curies":[{"name":"wp","href":"https:\/\/api.w.org\/{rel}","templated":true}]}}