{"id":296,"date":"2008-04-25T08:11:04","date_gmt":"2008-04-25T08:11:04","guid":{"rendered":"http:\/\/blogs.elcomercio.es\/largo_de_cafe\/?p=296"},"modified":"2008-04-25T08:11:04","modified_gmt":"2008-04-25T08:11:04","slug":"las-cosas-comer","status":"publish","type":"post","link":"https:\/\/blogs.elcomercio.es\/largo_de_cafe\/2008\/04\/25\/las-cosas-comer\/","title":{"rendered":"LAS COSAS DE COMER"},"content":{"rendered":"<p>   El presidente Areces dice que no hay elementos para hablar de crisis, pero que ante la desaceleraci\u00f3n econ\u00f3mica el Gobierno regional va a activar la licitaci\u00f3n de obra p\u00fablica para desarrollar los proyectos que est\u00e1n previstos. <\/p>\n<p>    La discusi\u00f3n entre crisis y desaceleraci\u00f3n econ\u00f3mica es una herencia de la batalla electoral, un tiempo en \u00e9l que se utilizan conceptos sesgados para cautivar al electorado; el Gobierno de Zapatero trat\u00f3 de edulcorar los datos de la realidad mientras que la oposici\u00f3n pintaba el horizonte con negros nubarrones. Las discusiones pol\u00edticas pierden inter\u00e9s cuando se descubre que son puramente sem\u00e1nticas, y eso es lo que ha pasado. Cada mes que transcurre se rebajan las expectativas de crecimiento, crece el desempleo y se mantiene alta la inflaci\u00f3n. Lo importante es analizar esa realidad y a partir de ella que cada cual la nombre con el eufemismo que mejor le parezca. El Gobierno central ha lanzado un plan anticrisis cuantificado en 24.200 millones de euros, en dos a\u00f1os, 10.000 de ellos se emplear\u00e1n en el presente ejercicio. En ese plan no es todo positivo, porque est\u00e1 incluida la devoluci\u00f3n de 400 euros para 16 millones de contribuyentes sin discriminar a los perceptores de rentas m\u00e1s altas: una forma demag\u00f3gica de tirar por la ventana m\u00e1s de un bill\u00f3n de las antiguas pesetas.  <\/p>\n<p>      Desde Asturias, el Gobierno regional tambi\u00e9n quiere cooperar en reanimar la actividad econ\u00f3mica agilizando las licitaciones de obra p\u00fablica. Las intenciones son buenas, pero como el dinero no estira tanto como las palabras, todo puede quedar en un mero enunciado desiderativo. Quiero decir que la \u00fanica forma de activar, a corto plazo, la econom\u00eda productiva es inyect\u00e1ndole nuevos recursos y para eso hace falta la aprobaci\u00f3n de la Junta General del Principado porque estamos en pr\u00f3rroga presupuestaria. A finales del pasado a\u00f1o, Seraf\u00edn Abilio, presidente de los constructores asturianos, advirti\u00f3 que la pr\u00f3rroga presupuestaria supon\u00eda infringir unas p\u00e9rdidas de un 30% para el sector. Pues bien, en ese escenario estamos; as\u00ed que ahora que la crisis o desaceleraci\u00f3n econ\u00f3mica es m\u00e1s evidente que unos meses atr\u00e1s, se puede apreciar lo fr\u00edvolo que resulta jugar con las cosas de comer desde el Parlamento.         <\/p>\n<!-- AddThis Advanced Settings generic via filter on the_content --><!-- AddThis Share Buttons generic via filter on the_content -->","protected":false},"excerpt":{"rendered":"<p>El presidente Areces dice que no hay elementos para hablar de crisis, pero que ante la desaceleraci\u00f3n econ\u00f3mica el Gobierno regional va a activar la licitaci\u00f3n de obra p\u00fablica para desarrollar los proyectos que est\u00e1n previstos. La discusi\u00f3n entre crisis y desaceleraci\u00f3n econ\u00f3mica es una herencia de la batalla electoral, un tiempo en \u00e9l que [&hellip;]<!-- AddThis Advanced Settings generic via filter on get_the_excerpt --><!-- AddThis Share Buttons generic via filter on get_the_excerpt --><\/p>\n","protected":false},"author":2,"featured_media":0,"comment_status":"open","ping_status":"closed","sticky":false,"template":"","format":"standard","meta":[],"categories":[4],"tags":[],"_links":{"self":[{"href":"https:\/\/blogs.elcomercio.es\/largo_de_cafe\/wp-json\/wp\/v2\/posts\/296"}],"collection":[{"href":"https:\/\/blogs.elcomercio.es\/largo_de_cafe\/wp-json\/wp\/v2\/posts"}],"about":[{"href":"https:\/\/blogs.elcomercio.es\/largo_de_cafe\/wp-json\/wp\/v2\/types\/post"}],"author":[{"embeddable":true,"href":"https:\/\/blogs.elcomercio.es\/largo_de_cafe\/wp-json\/wp\/v2\/users\/2"}],"replies":[{"embeddable":true,"href":"https:\/\/blogs.elcomercio.es\/largo_de_cafe\/wp-json\/wp\/v2\/comments?post=296"}],"version-history":[{"count":0,"href":"https:\/\/blogs.elcomercio.es\/largo_de_cafe\/wp-json\/wp\/v2\/posts\/296\/revisions"}],"wp:attachment":[{"href":"https:\/\/blogs.elcomercio.es\/largo_de_cafe\/wp-json\/wp\/v2\/media?parent=296"}],"wp:term":[{"taxonomy":"category","embeddable":true,"href":"https:\/\/blogs.elcomercio.es\/largo_de_cafe\/wp-json\/wp\/v2\/categories?post=296"},{"taxonomy":"post_tag","embeddable":true,"href":"https:\/\/blogs.elcomercio.es\/largo_de_cafe\/wp-json\/wp\/v2\/tags?post=296"}],"curies":[{"name":"wp","href":"https:\/\/api.w.org\/{rel}","templated":true}]}}