{"id":2963,"date":"2015-06-26T18:50:58","date_gmt":"2015-06-26T16:50:58","guid":{"rendered":"http:\/\/blogs.elcomercio.es\/largo_de_cafe\/?p=2963"},"modified":"2015-06-26T18:50:58","modified_gmt":"2015-06-26T16:50:58","slug":"la-broma-de-la-investidura","status":"publish","type":"post","link":"https:\/\/blogs.elcomercio.es\/largo_de_cafe\/2015\/06\/26\/la-broma-de-la-investidura\/","title":{"rendered":"LA BROMA DE LA INVESTIDURA"},"content":{"rendered":"<p>La pr\u00f3xima semana la Junta General del Principado va a celebrar el debate m\u00e1s importante de la legislatura que debe concluir con la elecci\u00f3n del pr\u00f3ximo presidente del Principado. Javier Fern\u00e1ndez (PSOE), Mercedes Fern\u00e1ndez (PP) y Emilio Le\u00f3n (Podemos) se van a presentar como candidatos con la esperanza de gozar de la confianza del pleno para convertirse en presidentes.<\/p>\n<p>Gaspar Llamazares no va a optar a la Presidencia. La postura de IU se va a fijar mediante consulta a sus bases (imagino que incluir\u00e1n a los simpatizantes). La pe\u00f1a de IU va a tener que escoger entre dos opciones, apoyar la alternativa de un gobierno fuerte de la izquierda o abstenerse. La influencia de Podemos en los m\u00e9todos que adopta IU para tomar decisiones es tan evidente que no merece la pena extenderse sobre ella. M\u00e1s interesante es analizar las dos posturas sobre las que se pronunciar\u00e1 la militancia. Hablar de \u201cgobierno fuerte de la izquierda\u201d es un eufemismo, y los refer\u00e9ndum casan mal con los eufemismos. Si la direcci\u00f3n de IU optara por el estilo directo, las disyuntiva ser\u00eda entre apoyo a un gobierno del PSOE, Podemos e IU o la abstenci\u00f3n. No les gusta esta f\u00f3rmula porque ofrece flancos muy d\u00e9biles para la cr\u00edtica. \u00bfPor qu\u00e9 no va a ser una opci\u00f3n v\u00e1lida un gobierno PSOE-IU para las bases de esta fuerza pol\u00edtica? \u00bfPor qu\u00e9 a los afiliados no se les presenta la opci\u00f3n de apoyar un gobierno Podemos-IU? La forma de evitar esos debates embarazosos consiste en borrar las siglas de los partidos de la pregunta y hablar de \u201cgobierno fuerte\u201d, en gen\u00e9rico. Por esa v\u00eda le van a ganar a Artur Mas en el concurso de la pregunta capciosa. Un \u00faltimo asunto: \u00bfen caso de ganar la opci\u00f3n de la abstenci\u00f3n, ser\u00e1 tambi\u00e9n esa la posici\u00f3n de IU cuando previsiblemente pasen a una segunda vuelta Javier Fern\u00e1ndez y Mercedes Fern\u00e1ndez? \u00bfSe van a abstener los diputados de IU cuando haya que elegir entre los dos Fern\u00e1ndez?<\/p>\n<p>El debate de investidura se iniciar\u00e1 el pr\u00f3ximo martes, d\u00eda 30 de junio. Treinta y seis d\u00edas despu\u00e9s de las elecciones, las cosas est\u00e1n como el primer d\u00eda. \u00bfQu\u00e9 gestiones hicieron los candidatos a la investidura en todo este tiempo? \u00bfC\u00f3mo es posible que traten de obtener el favor de la C\u00e1mara sin haberse ganado previamente el apoyo de alg\u00fan diputado ajeno a sus respectivos grupos? La primera conclusi\u00f3n es que no han negociado mucho, y la segunda es muy fuerte: la investidura, tal como est\u00e1 regulada en Asturias, es una broma de mal gusto.                                <\/p>\n<!-- AddThis Advanced Settings generic via filter on the_content --><!-- AddThis Share Buttons generic via filter on the_content -->","protected":false},"excerpt":{"rendered":"<p>La pr\u00f3xima semana la Junta General del Principado va a celebrar el debate m\u00e1s importante de la legislatura que debe concluir con la elecci\u00f3n del pr\u00f3ximo presidente del Principado. Javier Fern\u00e1ndez (PSOE), Mercedes Fern\u00e1ndez (PP) y Emilio Le\u00f3n (Podemos) se van a presentar como candidatos con la esperanza de gozar de la confianza del pleno [&hellip;]<!-- AddThis Advanced Settings generic via filter on get_the_excerpt --><!-- AddThis Share Buttons generic via filter on get_the_excerpt --><\/p>\n","protected":false},"author":2,"featured_media":0,"comment_status":"open","ping_status":"open","sticky":false,"template":"","format":"standard","meta":[],"categories":[4],"tags":[],"_links":{"self":[{"href":"https:\/\/blogs.elcomercio.es\/largo_de_cafe\/wp-json\/wp\/v2\/posts\/2963"}],"collection":[{"href":"https:\/\/blogs.elcomercio.es\/largo_de_cafe\/wp-json\/wp\/v2\/posts"}],"about":[{"href":"https:\/\/blogs.elcomercio.es\/largo_de_cafe\/wp-json\/wp\/v2\/types\/post"}],"author":[{"embeddable":true,"href":"https:\/\/blogs.elcomercio.es\/largo_de_cafe\/wp-json\/wp\/v2\/users\/2"}],"replies":[{"embeddable":true,"href":"https:\/\/blogs.elcomercio.es\/largo_de_cafe\/wp-json\/wp\/v2\/comments?post=2963"}],"version-history":[{"count":0,"href":"https:\/\/blogs.elcomercio.es\/largo_de_cafe\/wp-json\/wp\/v2\/posts\/2963\/revisions"}],"wp:attachment":[{"href":"https:\/\/blogs.elcomercio.es\/largo_de_cafe\/wp-json\/wp\/v2\/media?parent=2963"}],"wp:term":[{"taxonomy":"category","embeddable":true,"href":"https:\/\/blogs.elcomercio.es\/largo_de_cafe\/wp-json\/wp\/v2\/categories?post=2963"},{"taxonomy":"post_tag","embeddable":true,"href":"https:\/\/blogs.elcomercio.es\/largo_de_cafe\/wp-json\/wp\/v2\/tags?post=2963"}],"curies":[{"name":"wp","href":"https:\/\/api.w.org\/{rel}","templated":true}]}}