{"id":300,"date":"2008-04-29T08:12:12","date_gmt":"2008-04-29T08:12:12","guid":{"rendered":"http:\/\/blogs.elcomercio.es\/largo_de_cafe\/?p=300"},"modified":"2008-04-29T08:12:12","modified_gmt":"2008-04-29T08:12:12","slug":"el-optimismo-del-ganador","status":"publish","type":"post","link":"https:\/\/blogs.elcomercio.es\/largo_de_cafe\/2008\/04\/29\/el-optimismo-del-ganador\/","title":{"rendered":"EL OPTIMISMO DEL GANADOR"},"content":{"rendered":"<p>     El presidente Zapatero realiz\u00f3 su primera comparecencia p\u00fablica en televisi\u00f3n, ante media docena de periodistas, tras el debate de investidura. El empeoramiento de la situaci\u00f3n econ\u00f3mica hizo que Zapatero desplegara su optimismo antropol\u00f3gico sobre la coyuntura, al remarcar que estamos ante una mera desaceleraci\u00f3n econ\u00f3mica, en la que se sigue creando empleo; Zapatero record\u00f3 que hay super\u00e1vit econ\u00f3mico, del que va a echar mano para construir infraestructuras, devolver 400 euros a los contribuyentes, pagar pensiones y hacer frente a la cobertura del desempleo. El presidente rechaza que haya crisis, porque es incompatible con un crecimiento del PIB superior al 2%, que predice el Gobierno. Ante las visiones agoreras, Zapatero record\u00f3 que los organismos internacionales se hab\u00edan equivocado con Espa\u00f1a en los \u00faltimos cuatro a\u00f1os, pronosticando crecimientos inferiores a los finalmente logrados. <\/p>\n<p>      Hay que reconocer que Zapatero aport\u00f3 datos e hizo razonamientos econ\u00f3micos pedag\u00f3gicos, como que los ingresos de la Seguridad Social segu\u00edan aumentando al siete por ciento. No obstante, a\u00fan reconociendo que la crisis es de car\u00e1cter internacional y ajena a los manejos de la econom\u00eda realizados por el Gobierno de Espa\u00f1a en la pasada legislatura, resulta un tanto ilusorio interpretar los datos de la coyuntura como un bache temporal. Cada mes se rebajan las previsiones de crecimiento, disminuye la recaudaci\u00f3n tributaci\u00f3n, aumenta el paro, la morosidad bancaria y las suspensiones de pago de empresas. Por otra parte, el super\u00e1vit presupuestario y el fondo de reserva de la Seguridad Social no son un dique consistente frente a los quebrantos empresariales y laborales.  <\/p>\n<p>      Lo m\u00e1s sorprendente de las declaraciones de Zapatero fue la reorientaci\u00f3n de las alianzas pol\u00edticas. Sin titubeos, asegur\u00f3 que el mensaje de las urnas le obliga a corregir cosas, y entre ellas est\u00e1 el incremento del di\u00e1logo. Zapatero est\u00e1 dispuesto a contar m\u00e1s con el PP, algo muy distinto a lo que preconizaba al empezar el anterior mandato. Ahora bien, puestos a constatar afirmaciones llamativas, lo m\u00e1s destacado fue el alegato antimachista que se marc\u00f3 Zapatero: nunca se hab\u00eda o\u00eddo algo parecido a ning\u00fan gobernante en Espa\u00f1a.  <\/p>\n<!-- AddThis Advanced Settings generic via filter on the_content --><!-- AddThis Share Buttons generic via filter on the_content -->","protected":false},"excerpt":{"rendered":"<p>El presidente Zapatero realiz\u00f3 su primera comparecencia p\u00fablica en televisi\u00f3n, ante media docena de periodistas, tras el debate de investidura. El empeoramiento de la situaci\u00f3n econ\u00f3mica hizo que Zapatero desplegara su optimismo antropol\u00f3gico sobre la coyuntura, al remarcar que estamos ante una mera desaceleraci\u00f3n econ\u00f3mica, en la que se sigue creando empleo; Zapatero record\u00f3 que [&hellip;]<!-- AddThis Advanced Settings generic via filter on get_the_excerpt --><!-- AddThis Share Buttons generic via filter on get_the_excerpt --><\/p>\n","protected":false},"author":2,"featured_media":0,"comment_status":"open","ping_status":"closed","sticky":false,"template":"","format":"standard","meta":[],"categories":[4],"tags":[],"_links":{"self":[{"href":"https:\/\/blogs.elcomercio.es\/largo_de_cafe\/wp-json\/wp\/v2\/posts\/300"}],"collection":[{"href":"https:\/\/blogs.elcomercio.es\/largo_de_cafe\/wp-json\/wp\/v2\/posts"}],"about":[{"href":"https:\/\/blogs.elcomercio.es\/largo_de_cafe\/wp-json\/wp\/v2\/types\/post"}],"author":[{"embeddable":true,"href":"https:\/\/blogs.elcomercio.es\/largo_de_cafe\/wp-json\/wp\/v2\/users\/2"}],"replies":[{"embeddable":true,"href":"https:\/\/blogs.elcomercio.es\/largo_de_cafe\/wp-json\/wp\/v2\/comments?post=300"}],"version-history":[{"count":0,"href":"https:\/\/blogs.elcomercio.es\/largo_de_cafe\/wp-json\/wp\/v2\/posts\/300\/revisions"}],"wp:attachment":[{"href":"https:\/\/blogs.elcomercio.es\/largo_de_cafe\/wp-json\/wp\/v2\/media?parent=300"}],"wp:term":[{"taxonomy":"category","embeddable":true,"href":"https:\/\/blogs.elcomercio.es\/largo_de_cafe\/wp-json\/wp\/v2\/categories?post=300"},{"taxonomy":"post_tag","embeddable":true,"href":"https:\/\/blogs.elcomercio.es\/largo_de_cafe\/wp-json\/wp\/v2\/tags?post=300"}],"curies":[{"name":"wp","href":"https:\/\/api.w.org\/{rel}","templated":true}]}}