{"id":301,"date":"2008-04-30T08:16:16","date_gmt":"2008-04-30T08:16:16","guid":{"rendered":"http:\/\/blogs.elcomercio.es\/largo_de_cafe\/?p=301"},"modified":"2008-04-30T08:16:16","modified_gmt":"2008-04-30T08:16:16","slug":"las-condiciones-iu","status":"publish","type":"post","link":"https:\/\/blogs.elcomercio.es\/largo_de_cafe\/2008\/04\/30\/las-condiciones-iu\/","title":{"rendered":"LAS CONDICIONES DE IU"},"content":{"rendered":"<p>     IU ha advertido que no apoyar\u00e1 la reforma del Estatuto de Autonom\u00eda de Asturias si no incluye un cambio de la Ley Electoral, que permita convertir toda la regi\u00f3n en una sola circunscripci\u00f3n electoral, y una carta de derechos sociales, en l\u00ednea con lo contemplado por los nuevos estatutos, como el aprobado para Andaluc\u00eda. No es la primera vez que IU incurre en la mala costumbre de empezar una negociaci\u00f3n pol\u00edtica fijando cl\u00e1usulas obligatorias al resto de los partidos. Ni el PSOE ni el PP han dicho qu\u00e9 asuntos deb\u00eda incorporar el nuevo Estatuto para contar con su apoyo. La demanda del reconocimiento de la capitalidad para la ciudad de Oviedo fue una exigencia de Gabino de Lorenzo, pero no una propuesta de los diputados del PP dentro de la ponencia parlamentaria. La t\u00e1ctica de establecer unos objetivos previos irrenunciables la utiliz\u00f3 IU para negociar el Gobierno de coalici\u00f3n con los socialistas, y s\u00f3lo sirvi\u00f3 para quedar fuera del Ejecutivo. Que un grupo claramente minoritario le diga a los dos mayoritarios lo que tienen que hacer si quieren contar con su apoyo es una forma como otra cualquiera de  pedir que lo excluyan del acuerdo. \u00bfEs eso lo que pretende IU ante la sinton\u00eda del PSOE y del PP en la reforma estatutaria?<\/p>\n<p>      Hecha esta aclaraci\u00f3n conviene analizar las dos condiciones que pone IU. Cambiar la normativa electoral, estableciendo una sola circunscripci\u00f3n, es un completo acierto. Someter a una regi\u00f3n peque\u00f1a, como Asturias, a la artificial divisi\u00f3n de tres circunscripciones electorales puede ser rentable para el PSOE y el PP, pero es un atentado contra el sentido com\u00fan. Resulta absurdo que un ciudadano de Villaviciosa no vote las candidaturas encabezadas por Areces, Ovidio S\u00e1nchez o Jes\u00fas Iglesias, sino unas listas de militantes \u201cdel Oriente\u201d, o que un ciudadano de Cudillero vote las listas \u201cdel Occidente\u201d.  Adem\u00e1s de ser absurdo es una forma descarada de propiciar el localismo, el verdadero c\u00e1ncer de la pol\u00edtica asturiana. <\/p>\n<p>     Valoraci\u00f3n distinta merece la propuesta de crear una carta de derechos sociales, como el derecho a la vivienda, por poner un ejemplo. Para reconocer derechos b\u00e1sicos ya est\u00e1 la Constituci\u00f3n, as\u00ed que el Estatuto de Autonom\u00eda no tiene que entrar en esas consideraciones.       <\/p>\n<!-- AddThis Advanced Settings generic via filter on the_content --><!-- AddThis Share Buttons generic via filter on the_content -->","protected":false},"excerpt":{"rendered":"<p>IU ha advertido que no apoyar\u00e1 la reforma del Estatuto de Autonom\u00eda de Asturias si no incluye un cambio de la Ley Electoral, que permita convertir toda la regi\u00f3n en una sola circunscripci\u00f3n electoral, y una carta de derechos sociales, en l\u00ednea con lo contemplado por los nuevos estatutos, como el aprobado para Andaluc\u00eda. No [&hellip;]<!-- AddThis Advanced Settings generic via filter on get_the_excerpt --><!-- AddThis Share Buttons generic via filter on get_the_excerpt --><\/p>\n","protected":false},"author":2,"featured_media":0,"comment_status":"open","ping_status":"closed","sticky":false,"template":"","format":"standard","meta":[],"categories":[4],"tags":[],"_links":{"self":[{"href":"https:\/\/blogs.elcomercio.es\/largo_de_cafe\/wp-json\/wp\/v2\/posts\/301"}],"collection":[{"href":"https:\/\/blogs.elcomercio.es\/largo_de_cafe\/wp-json\/wp\/v2\/posts"}],"about":[{"href":"https:\/\/blogs.elcomercio.es\/largo_de_cafe\/wp-json\/wp\/v2\/types\/post"}],"author":[{"embeddable":true,"href":"https:\/\/blogs.elcomercio.es\/largo_de_cafe\/wp-json\/wp\/v2\/users\/2"}],"replies":[{"embeddable":true,"href":"https:\/\/blogs.elcomercio.es\/largo_de_cafe\/wp-json\/wp\/v2\/comments?post=301"}],"version-history":[{"count":0,"href":"https:\/\/blogs.elcomercio.es\/largo_de_cafe\/wp-json\/wp\/v2\/posts\/301\/revisions"}],"wp:attachment":[{"href":"https:\/\/blogs.elcomercio.es\/largo_de_cafe\/wp-json\/wp\/v2\/media?parent=301"}],"wp:term":[{"taxonomy":"category","embeddable":true,"href":"https:\/\/blogs.elcomercio.es\/largo_de_cafe\/wp-json\/wp\/v2\/categories?post=301"},{"taxonomy":"post_tag","embeddable":true,"href":"https:\/\/blogs.elcomercio.es\/largo_de_cafe\/wp-json\/wp\/v2\/tags?post=301"}],"curies":[{"name":"wp","href":"https:\/\/api.w.org\/{rel}","templated":true}]}}