{"id":302,"date":"2008-05-01T11:10:07","date_gmt":"2008-05-01T11:10:07","guid":{"rendered":"http:\/\/blogs.elcomercio.es\/largo_de_cafe\/?p=302"},"modified":"2008-05-01T11:10:07","modified_gmt":"2008-05-01T11:10:07","slug":"el-delegado-del-gobierno","status":"publish","type":"post","link":"https:\/\/blogs.elcomercio.es\/largo_de_cafe\/2008\/05\/01\/el-delegado-del-gobierno\/","title":{"rendered":"EL DELEGADO DEL GOBIERNO"},"content":{"rendered":"\n<p class=\"MsoNormal\" style=\"margin-right: 29.2pt; text-align: justify;\"><span style=\"font-family: Arial;\"><span style=\"\">   <\/span>La formaci\u00f3n del Gobierno fue seguida desde nuestra regi\u00f3n con escepticismo, al sospechar que no iba a figurar ning\u00fan asturiano en la n\u00f3mina del Ejecutivo. En la primera legislatura de Zapatero los asturianos quedaron excluidos del Gobierno, lo que se interpret\u00f3 como una forma de marginaci\u00f3n tras venir de una \u00e9poca con ministros asturianos. Cuatro a\u00f1os m\u00e1s tarde se pudo comprobar que tal carencia no supuso ninguna desgracia para nuestra tierra, al alcanzar las mayores cotas de inversi\u00f3n p\u00fablica por habitante de toda la etapa democr\u00e1tica. Baste decir que Catalu\u00f1a, con el tripartito presidido por un socialista, 21 diputados del PSC en Madrid, y cl\u00e1usulas de inversi\u00f3n obligatoria establecidas en el \u201cEstatut\u201d, obtuvo una cuant\u00eda econ\u00f3mica per capita inferior a la de Asturias. <o:p><\/o:p><\/span><\/p>\n<p class=\"MsoNormal\" style=\"margin-right: 29.2pt; text-align: justify;\"><span style=\"font-family: Arial;\"><o:p> <\/o:p><\/span><\/p>\n<p class=\"MsoNormal\" style=\"margin-right: 29.2pt; text-align: justify;\"><span style=\"font-family: Arial;\"><span style=\"\">      <\/span>Mes y medio despu\u00e9s de las elecciones, y cuando est\u00e1 pr\u00e1cticamente cubierto el organigrama de <st1:PersonName productid=\"la Administraci?n Central\" w:st=\"on\"><st1:PersonName productid=\"la Administraci?n\" w:st=\"on\">la Administraci\u00f3n<\/st1:PersonName>  Central<\/st1:PersonName>, la cuota de asturianos en el poder se reduce al nombramiento de Mar\u00eda Luisa Carcedo para dirigir <st1:PersonName productid=\"la Agencia Estatal\" w:st=\"on\"><st1:PersonName productid=\"la Agencia\" w:st=\"on\">la Agencia<\/st1:PersonName> Estatal<\/st1:PersonName> de Evaluaci\u00f3n de Pol\u00edticas P\u00fablicas, Santiago Men\u00e9ndez de Luarca, como Subsecretario del Ministerio de Medio Ambiente, Medio Rural y Marino, Pablo Rivero de director de <st1:PersonName productid=\"la Agencia\" w:st=\"on\">la Agencia<\/st1:PersonName> de Calidad del Sistema de Salud, y Rafael Conde, como director General de Relaciones Econ\u00f3micas Internacionales. Quiz\u00e1s alguna otra comunidad aut\u00f3noma haya quedado menos representada que Asturias en el Gobierno, pero no es f\u00e1cil encontrarla. <o:p><\/o:p><\/span><\/p>\n<p class=\"MsoNormal\" style=\"margin-right: 29.2pt; text-align: justify;\"><span style=\"font-family: Arial;\"><o:p> <\/o:p><\/span><\/p>\n<p class=\"MsoNormal\" style=\"margin-right: 29.2pt; text-align: justify;\"><span style=\"font-family: Arial;\"><span style=\"\">     <\/span>En todo este periodo postelectoral se barajaba la posibilidad de que Antonio Trev\u00edn, delegado del Gobierno, ocupara un alto cargo en <st1:PersonName productid=\"la Administraci?n Central.\" w:st=\"on\"><st1:PersonName productid=\"la Administraci?n\" w:st=\"on\">la Administraci\u00f3n<\/st1:PersonName>  Central.<\/st1:PersonName> Dentro de la familia socialista asturiana, Trev\u00edn, \u00c1lvarez Areces, Paz Fern\u00e1ndez Felgueroso y Gustavo Su\u00e1rez Pertierra forman el cuarteto que tiene un curr\u00edculo pol\u00edtico m\u00e1s dilatado. La cercan\u00eda a Alfredo P\u00e9rez Rubalcaba alimentaba la especulaci\u00f3n. Sin embargo, todo indica que Antonio Trev\u00edn va a seguir de delegado del Gobierno. Desde la perspectiva de los intereses asturianos es una ventaja que siga en su puesto, porque las actuaciones del Ejecutivo precisan de la gesti\u00f3n de un representante del Gobierno con talla pol\u00edtica. Adem\u00e1s, Trev\u00edn tiene una ventaja a\u00f1adida: siempre da la cara. <span style=\"\"> <\/span><span style=\"\"> <\/span><span style=\"\"> <\/span><span style=\"\"> <\/span><span style=\"\"> <\/span><span style=\"\">  <\/span><o:p><\/o:p><\/span><\/p>\n<!-- AddThis Advanced Settings generic via filter on the_content --><!-- AddThis Share Buttons generic via filter on the_content -->","protected":false},"excerpt":{"rendered":"<p>La formaci\u00f3n del Gobierno fue seguida desde nuestra regi\u00f3n con escepticismo, al sospechar que no iba a figurar ning\u00fan asturiano en la n\u00f3mina del Ejecutivo. En la primera legislatura de Zapatero los asturianos quedaron excluidos del Gobierno, lo que se interpret\u00f3 como una forma de marginaci\u00f3n tras venir de una \u00e9poca con ministros asturianos. Cuatro [&hellip;]<!-- AddThis Advanced Settings generic via filter on get_the_excerpt --><!-- AddThis Share Buttons generic via filter on get_the_excerpt --><\/p>\n","protected":false},"author":2,"featured_media":0,"comment_status":"open","ping_status":"closed","sticky":false,"template":"","format":"standard","meta":[],"categories":[4],"tags":[],"_links":{"self":[{"href":"https:\/\/blogs.elcomercio.es\/largo_de_cafe\/wp-json\/wp\/v2\/posts\/302"}],"collection":[{"href":"https:\/\/blogs.elcomercio.es\/largo_de_cafe\/wp-json\/wp\/v2\/posts"}],"about":[{"href":"https:\/\/blogs.elcomercio.es\/largo_de_cafe\/wp-json\/wp\/v2\/types\/post"}],"author":[{"embeddable":true,"href":"https:\/\/blogs.elcomercio.es\/largo_de_cafe\/wp-json\/wp\/v2\/users\/2"}],"replies":[{"embeddable":true,"href":"https:\/\/blogs.elcomercio.es\/largo_de_cafe\/wp-json\/wp\/v2\/comments?post=302"}],"version-history":[{"count":0,"href":"https:\/\/blogs.elcomercio.es\/largo_de_cafe\/wp-json\/wp\/v2\/posts\/302\/revisions"}],"wp:attachment":[{"href":"https:\/\/blogs.elcomercio.es\/largo_de_cafe\/wp-json\/wp\/v2\/media?parent=302"}],"wp:term":[{"taxonomy":"category","embeddable":true,"href":"https:\/\/blogs.elcomercio.es\/largo_de_cafe\/wp-json\/wp\/v2\/categories?post=302"},{"taxonomy":"post_tag","embeddable":true,"href":"https:\/\/blogs.elcomercio.es\/largo_de_cafe\/wp-json\/wp\/v2\/tags?post=302"}],"curies":[{"name":"wp","href":"https:\/\/api.w.org\/{rel}","templated":true}]}}