{"id":314,"date":"2008-05-13T08:08:10","date_gmt":"2008-05-13T08:08:10","guid":{"rendered":"http:\/\/blogs.elcomercio.es\/largo_de_cafe\/?p=314"},"modified":"2008-05-13T08:08:10","modified_gmt":"2008-05-13T08:08:10","slug":"hay-modelo-asturiano","status":"publish","type":"post","link":"https:\/\/blogs.elcomercio.es\/largo_de_cafe\/2008\/05\/13\/hay-modelo-asturiano\/","title":{"rendered":"\u00bfHAY MODELO ASTURIANO?"},"content":{"rendered":"<p>     El presidente Zapatero desoye el consejo de Felipe Gonz\u00e1lez de aplazar la negociaci\u00f3n de la financiaci\u00f3n auton\u00f3mica para centrarse en la crisis econ\u00f3mica, y se dispone a afrontar la discusi\u00f3n sobre el nuevo modelo. Los socialistas asturianos, como los andaluces, eran partidarios de retrasar la negociaci\u00f3n, pero el presidente prefiere cumplir con los plazos establecidos en el \u201cEstatut\u201d. Zapatero se dispone a resolver el sudoku. <\/p>\n<p>     La agenda nacional y la asturiana se dan la mano, porque la ponencia que estudia la reforma del Estatuto de Autonom\u00eda busca establecer cl\u00e1usulas que garanticen la suficiencia financiera, caballo de batalla de las regiones pobres en el modelo de financiaci\u00f3n auton\u00f3mica. Al parecer, PSOE, PP e IU estudian introducir una cl\u00e1usula relativamente novedosa: la intensidad en el uso de las prestaciones p\u00fablicas. Es distinto el uso que hace una poblaci\u00f3n envejecida de un hospital que una joven. En principio, esa premisa coincide con el envejecimiento, una variable que ya est\u00e1 incluida en la financiaci\u00f3n de la sanidad. Ahora bien, la intensidad de uso tiene muchas formas de ser valorada, porque aunque en Catalu\u00f1a la demanda \u201cper capita\u201d de los servicios sanitarios sea m\u00e1s baja (lo que est\u00e1 por ver), tambi\u00e9n puede Montilla arg\u00fcir que la intensidad del consumo de infraestructuras de salud es m\u00e1s alta (deterioro m\u00e1s r\u00e1pido) o que el trabajo de los profesionales es m\u00e1s intenso (m\u00e1s pacientes por m\u00e9dico). Adem\u00e1s, en Asturias hay alg\u00fan hospital con un cupo de poblaci\u00f3n inferior a los 30.000 clientes, lo que es m\u00e1s una muestra de despilfarro que de intensidad.<\/p>\n<p>    Lo que no deja mucho margen para la duda es que si de la sanidad pasamos a la educaci\u00f3n, la intensidad de uso es m\u00e1s baja en Asturias, porque hay muchos menos alumnos por clase (en las etapas de ense\u00f1anza obligatoria y en el Bachillerato, rondan los siete alumnos por profesor). Por m\u00e1s vueltas que le demos, no tenemos un argumento tan s\u00f3lido y visible como el del incremento de la poblaci\u00f3n, que van a esgrimir los catalanes, madrile\u00f1os, valencianos y andaluces. Va a empezar la negociaci\u00f3n del modelo de financiaci\u00f3n y todav\u00eda no sabemos cu\u00e1l va a ser la propuesta asturiana. Conocemos el modelo catal\u00e1n y desconocemos el nuestro.   <\/p>\n<!-- AddThis Advanced Settings generic via filter on the_content --><!-- AddThis Share Buttons generic via filter on the_content -->","protected":false},"excerpt":{"rendered":"<p>El presidente Zapatero desoye el consejo de Felipe Gonz\u00e1lez de aplazar la negociaci\u00f3n de la financiaci\u00f3n auton\u00f3mica para centrarse en la crisis econ\u00f3mica, y se dispone a afrontar la discusi\u00f3n sobre el nuevo modelo. Los socialistas asturianos, como los andaluces, eran partidarios de retrasar la negociaci\u00f3n, pero el presidente prefiere cumplir con los plazos establecidos [&hellip;]<!-- AddThis Advanced Settings generic via filter on get_the_excerpt --><!-- AddThis Share Buttons generic via filter on get_the_excerpt --><\/p>\n","protected":false},"author":2,"featured_media":0,"comment_status":"open","ping_status":"closed","sticky":false,"template":"","format":"standard","meta":[],"categories":[4],"tags":[],"_links":{"self":[{"href":"https:\/\/blogs.elcomercio.es\/largo_de_cafe\/wp-json\/wp\/v2\/posts\/314"}],"collection":[{"href":"https:\/\/blogs.elcomercio.es\/largo_de_cafe\/wp-json\/wp\/v2\/posts"}],"about":[{"href":"https:\/\/blogs.elcomercio.es\/largo_de_cafe\/wp-json\/wp\/v2\/types\/post"}],"author":[{"embeddable":true,"href":"https:\/\/blogs.elcomercio.es\/largo_de_cafe\/wp-json\/wp\/v2\/users\/2"}],"replies":[{"embeddable":true,"href":"https:\/\/blogs.elcomercio.es\/largo_de_cafe\/wp-json\/wp\/v2\/comments?post=314"}],"version-history":[{"count":0,"href":"https:\/\/blogs.elcomercio.es\/largo_de_cafe\/wp-json\/wp\/v2\/posts\/314\/revisions"}],"wp:attachment":[{"href":"https:\/\/blogs.elcomercio.es\/largo_de_cafe\/wp-json\/wp\/v2\/media?parent=314"}],"wp:term":[{"taxonomy":"category","embeddable":true,"href":"https:\/\/blogs.elcomercio.es\/largo_de_cafe\/wp-json\/wp\/v2\/categories?post=314"},{"taxonomy":"post_tag","embeddable":true,"href":"https:\/\/blogs.elcomercio.es\/largo_de_cafe\/wp-json\/wp\/v2\/tags?post=314"}],"curies":[{"name":"wp","href":"https:\/\/api.w.org\/{rel}","templated":true}]}}