{"id":315,"date":"2008-05-14T07:44:07","date_gmt":"2008-05-14T07:44:07","guid":{"rendered":"http:\/\/blogs.elcomercio.es\/largo_de_cafe\/?p=315"},"modified":"2008-05-14T07:44:07","modified_gmt":"2008-05-14T07:44:07","slug":"solucion-mala-o-peor","status":"publish","type":"post","link":"https:\/\/blogs.elcomercio.es\/largo_de_cafe\/2008\/05\/14\/solucion-mala-o-peor\/","title":{"rendered":"SOLUCI\u00d3N, MALA O PEOR"},"content":{"rendered":"<p>     En el Senado, Zapatero declar\u00f3 que el nuevo sistema de financiaci\u00f3n auton\u00f3mica debe ser un acuerdo entre todos (multilateral), apoyado en un conjunto de variables, empezando por el tama\u00f1o de la poblaci\u00f3n de cada regi\u00f3n (aspiraci\u00f3n catalana y valenciana), pero teniendo en cuenta la dispersi\u00f3n y el envejecimiento (objetivo de asturianos, castellanos o gallegos), y asumiendo los intereses del Estado y de cada una de las comunidades. Para que nadie se sintiera marginado, Zapatero dijo que el nuevo modelo debe mejorar la solidaridad, haci\u00e9ndola m\u00e1s transparente (\u00bfpublicaci\u00f3n de balanzas fiscales?), y garantizando fondos suficientes para mantener un buen nivel de servicios p\u00fablicos (aspiraci\u00f3n de andaluces o manchegos). El presidente habl\u00f3 de aumentar la corresponsabilidad fiscal, de modo que cada comunidad asuma los ingresos que tiene que recaudar para financiar los gastos (objetivo de regiones ricas) y garantizando la suficiencia financiera del Estado (por lo que clama UPyD). Seguro que dej\u00f3 contentos a todos los senadores.<\/p>\n<p>     El presidente del Gobierno se limit\u00f3 a describir las aspiraciones de todas las partes, sin jerarquizar unos objetivos sobre otros, limit\u00e1ndose a ponerlos en fila para decir que est\u00e1 de acuerdo con los que se visten de blanco y con los que van de negro. Zapatero asume las exigencias nacionalistas del tripartito y las peticiones de m\u00e1s cohesi\u00f3n de los asturianos; le gusta que las regiones gocen de amplia autonom\u00eda fiscal y que el Estado tenga m\u00e1s m\u00fasculo que en los tiempos del centralismo. Multilateralidad, suficiencia financiera, corresponsabilidad fiscal, solidaridad. El presidente demostr\u00f3 que conoce el enunciado del problema, pero no avanz\u00f3 ni un \u00e1pice de la soluci\u00f3n. <\/p>\n<p>     Un problema mal planteado no tiene nunca una buena soluci\u00f3n. Eso es lo que pasa con el nuevo modelo de financiaci\u00f3n auton\u00f3mica: el planteamiento se deriva de unos estatutos de autonom\u00eda mal concebidos, que imponen condiciones inasumibles al Estado. La soluci\u00f3n ser\u00e1 mala, aunque puede ser peor. Si el modelo deja insatisfechos a todas las partes, estaremos ante una f\u00f3rmula mala, aunque manejable, pero si deja muy satisfechas a algunas regiones, el futuro ser\u00e1 una Espa\u00f1a de dos velocidades.       <\/p>\n<!-- AddThis Advanced Settings generic via filter on the_content --><!-- AddThis Share Buttons generic via filter on the_content -->","protected":false},"excerpt":{"rendered":"<p>En el Senado, Zapatero declar\u00f3 que el nuevo sistema de financiaci\u00f3n auton\u00f3mica debe ser un acuerdo entre todos (multilateral), apoyado en un conjunto de variables, empezando por el tama\u00f1o de la poblaci\u00f3n de cada regi\u00f3n (aspiraci\u00f3n catalana y valenciana), pero teniendo en cuenta la dispersi\u00f3n y el envejecimiento (objetivo de asturianos, castellanos o gallegos), y [&hellip;]<!-- AddThis Advanced Settings generic via filter on get_the_excerpt --><!-- AddThis Share Buttons generic via filter on get_the_excerpt --><\/p>\n","protected":false},"author":2,"featured_media":0,"comment_status":"open","ping_status":"closed","sticky":false,"template":"","format":"standard","meta":[],"categories":[4],"tags":[],"_links":{"self":[{"href":"https:\/\/blogs.elcomercio.es\/largo_de_cafe\/wp-json\/wp\/v2\/posts\/315"}],"collection":[{"href":"https:\/\/blogs.elcomercio.es\/largo_de_cafe\/wp-json\/wp\/v2\/posts"}],"about":[{"href":"https:\/\/blogs.elcomercio.es\/largo_de_cafe\/wp-json\/wp\/v2\/types\/post"}],"author":[{"embeddable":true,"href":"https:\/\/blogs.elcomercio.es\/largo_de_cafe\/wp-json\/wp\/v2\/users\/2"}],"replies":[{"embeddable":true,"href":"https:\/\/blogs.elcomercio.es\/largo_de_cafe\/wp-json\/wp\/v2\/comments?post=315"}],"version-history":[{"count":0,"href":"https:\/\/blogs.elcomercio.es\/largo_de_cafe\/wp-json\/wp\/v2\/posts\/315\/revisions"}],"wp:attachment":[{"href":"https:\/\/blogs.elcomercio.es\/largo_de_cafe\/wp-json\/wp\/v2\/media?parent=315"}],"wp:term":[{"taxonomy":"category","embeddable":true,"href":"https:\/\/blogs.elcomercio.es\/largo_de_cafe\/wp-json\/wp\/v2\/categories?post=315"},{"taxonomy":"post_tag","embeddable":true,"href":"https:\/\/blogs.elcomercio.es\/largo_de_cafe\/wp-json\/wp\/v2\/tags?post=315"}],"curies":[{"name":"wp","href":"https:\/\/api.w.org\/{rel}","templated":true}]}}