{"id":316,"date":"2008-05-15T08:09:19","date_gmt":"2008-05-15T08:09:19","guid":{"rendered":"http:\/\/blogs.elcomercio.es\/largo_de_cafe\/?p=316"},"modified":"2008-05-15T08:09:19","modified_gmt":"2008-05-15T08:09:19","slug":"un-camino-sin-atajos","status":"publish","type":"post","link":"https:\/\/blogs.elcomercio.es\/largo_de_cafe\/2008\/05\/15\/un-camino-sin-atajos\/","title":{"rendered":"UN CAMINO SIN ATAJOS"},"content":{"rendered":"<p>El atentado de ETA en Legutiano (\u00c1lava) que cost\u00f3 la vida del guardia civil, Juan Manuel Pi\u00f1uel, y caus\u00f3 heridas a otros cuatro agentes, devuelve, definitivamente, la reflexi\u00f3n sobre el terrorismo etarra a las coordenadas en que estuvo situada durante d\u00e9cadas. Es el cuarto atentado mortal que ejecuta ETA desde que declar\u00f3 la \u00faltima tregua, con el balance global de seis asesinatos. La especulaci\u00f3n sobre el fin pr\u00f3ximo de ETA y el debate que podr\u00eda haber en el seno de la organizaci\u00f3n terrorista acerca del abandono de las armas ha dejado de tener sentido. El discurso sobre la imposibilidad de seguir asesinando ciudadanos, al producirse un gran rechazo hacia el terrorismo en la sociedad espa\u00f1ola despu\u00e9s del 11-M, no se ha sido validado en la pr\u00e1ctica, porque los etarras han encontrado argumentos para seguir matando, y el sector de la sociedad vasca que secunda a ETA ha pretendido darle amparo desde las candidaturas de ANV. ETA hab\u00eda abierto una expectativa en la que nunca crey\u00f3, y ahora todo vuelve a su sito. <\/p>\n<p>      Las principales formaciones pol\u00edticas han condenado de forma un\u00e1nime el atentado, sin que se intercambiaran reproches entre el Gobierno y la oposici\u00f3n; la \u00fanica declaraci\u00f3n desnortada fue la del lendakari Ibarretxe, al comentar apesadumbrado el da\u00f1o que causaba ETA a la causa del nacionalismo, como si pesase m\u00e1s en su \u00e1nimo la contrariedad que supone el asesinato ante la pr\u00f3xima entrevista con Zapatero, que el espont\u00e1neo rechazo ante la barbarie. Es la t\u00edpica reacci\u00f3n del PNV que considera a los etarras unos tipos que se han equivocado de camino, en vez de contemplarlos como unos terroristas sin m\u00e1s. <\/p>\n<p>      ETA hab\u00eda renovado en recientes comunicados su voluntad de atentar, y el ministro del Interior, Alfredo P\u00e9rez Rubalcaba, tambi\u00e9n hab\u00eda alertado de esa posibilidad. No ser\u00e1 la \u00faltima vez, por desgracia. Estamos d\u00f3nde siempre hab\u00edamos estado, con los partidos democr\u00e1ticos respaldando la actuaci\u00f3n de Polic\u00eda y jueces, sin que haya en el horizonte ninguna estrategia de negociaci\u00f3n. Se termin\u00f3 la discusi\u00f3n entre los dem\u00f3cratas sobre las v\u00edas para acabar con el terrorismo, mientras el nacionalismo moderado sigue jugando con doble baraja. Es mejor saber que el camino ser\u00e1 largo que seguir falsos atajos.      <\/p>\n<!-- AddThis Advanced Settings generic via filter on the_content --><!-- AddThis Share Buttons generic via filter on the_content -->","protected":false},"excerpt":{"rendered":"<p>El atentado de ETA en Legutiano (\u00c1lava) que cost\u00f3 la vida del guardia civil, Juan Manuel Pi\u00f1uel, y caus\u00f3 heridas a otros cuatro agentes, devuelve, definitivamente, la reflexi\u00f3n sobre el terrorismo etarra a las coordenadas en que estuvo situada durante d\u00e9cadas. Es el cuarto atentado mortal que ejecuta ETA desde que declar\u00f3 la \u00faltima tregua, [&hellip;]<!-- AddThis Advanced Settings generic via filter on get_the_excerpt --><!-- AddThis Share Buttons generic via filter on get_the_excerpt --><\/p>\n","protected":false},"author":2,"featured_media":0,"comment_status":"open","ping_status":"closed","sticky":false,"template":"","format":"standard","meta":[],"categories":[4],"tags":[],"_links":{"self":[{"href":"https:\/\/blogs.elcomercio.es\/largo_de_cafe\/wp-json\/wp\/v2\/posts\/316"}],"collection":[{"href":"https:\/\/blogs.elcomercio.es\/largo_de_cafe\/wp-json\/wp\/v2\/posts"}],"about":[{"href":"https:\/\/blogs.elcomercio.es\/largo_de_cafe\/wp-json\/wp\/v2\/types\/post"}],"author":[{"embeddable":true,"href":"https:\/\/blogs.elcomercio.es\/largo_de_cafe\/wp-json\/wp\/v2\/users\/2"}],"replies":[{"embeddable":true,"href":"https:\/\/blogs.elcomercio.es\/largo_de_cafe\/wp-json\/wp\/v2\/comments?post=316"}],"version-history":[{"count":0,"href":"https:\/\/blogs.elcomercio.es\/largo_de_cafe\/wp-json\/wp\/v2\/posts\/316\/revisions"}],"wp:attachment":[{"href":"https:\/\/blogs.elcomercio.es\/largo_de_cafe\/wp-json\/wp\/v2\/media?parent=316"}],"wp:term":[{"taxonomy":"category","embeddable":true,"href":"https:\/\/blogs.elcomercio.es\/largo_de_cafe\/wp-json\/wp\/v2\/categories?post=316"},{"taxonomy":"post_tag","embeddable":true,"href":"https:\/\/blogs.elcomercio.es\/largo_de_cafe\/wp-json\/wp\/v2\/tags?post=316"}],"curies":[{"name":"wp","href":"https:\/\/api.w.org\/{rel}","templated":true}]}}