{"id":334,"date":"2008-06-02T08:06:29","date_gmt":"2008-06-02T08:06:29","guid":{"rendered":"http:\/\/blogs.elcomercio.es\/largo_de_cafe\/?p=334"},"modified":"2008-06-02T08:06:29","modified_gmt":"2008-06-02T08:06:29","slug":"los-apoyos-rajoy","status":"publish","type":"post","link":"https:\/\/blogs.elcomercio.es\/largo_de_cafe\/2008\/06\/02\/los-apoyos-rajoy\/","title":{"rendered":"LOS APOYOS DE RAJOY"},"content":{"rendered":"<p>     Faltan tres semanas para la celebraci\u00f3n del Congreso Nacional del PP y crecen las especulaciones. La probabilidad de que se presente un candidato para disputar a Rajoy la presidencia del partido es escasa, como lo demuestra el hecho de que sea el nombre de Juan Costa el m\u00e1s repetido. Para entendernos, Juan Costa no es un l\u00edder del PP, sino un hombre de Rodrigo Rato, como Mar\u00eda San Gil es un pe\u00f3n de Jaime Mayor Oreja. Proponer a Juan Costa para la presidencia s\u00f3lo servir\u00eda para concentrar el voto de los descontentos de Rajoy y presentar en sociedad al sector cr\u00edtico.<\/p>\n<p>     Mientras los discrepantes tantean a la militancia en busca de avales, Mariano Rajoy hizo una demostraci\u00f3n p\u00fablica de su liderazgo, en Valladolid, rodeado de la mayor parte de los l\u00edderes auton\u00f3micos, entre los que se encontraba Ovidio S\u00e1nchez. S\u00f3lo Esperanza Aguirre y Mar\u00eda San Gil estuvieron ausentes del acto. El abrumador apoyo de los dirigentes territoriales asegura el triunfo de Rajoy en el Congreso, porque la elecci\u00f3n de delegados estuvo muy mediatizada por el aparato del partido en cada regi\u00f3n. La participaci\u00f3n de la militancia en la votaci\u00f3n de los delegados fue escas\u00edsima, as\u00ed que los nombres elegidos responden en gran medida a la preferencia de las direcciones regionales. <\/p>\n<p>     De la \u00e9poca en que gobern\u00f3 el PP apenas hay dirigentes con peso en torno a Rajoy. El m\u00e1s destacado es Javier Arenas, ex secretario general del PP y ex ministro. Y luego, Alberto Ruiz Gallard\u00f3n. Toda la vieja guardia est\u00e1 con los cr\u00edticos, por acci\u00f3n o por omisi\u00f3n. Esto quiere decir que a Rajoy le sobran apoyos para ganar el Congreso, pero puede perder la batalla a lo largo de la legislatura, porque la mayor parte de los dirigentes que se oponen a su liderazgo tienen mucha mayor influencia en la sociedad que los dirigentes regionales. Pongamos un ejemplo cercano: no creo que las declaraciones de ning\u00fan dirigente asturiano del PP conciten tanta atenci\u00f3n como unas breves frases pronunciadas por \u00c1lvarez-Cascos. De esa situaci\u00f3n se podr\u00eda librar Mariano Rajoy convenciendo a algunos dirigentes cr\u00edticos para que se integraran en su candidatura, cosa que hasta ahora no ha sucedido. Las fuertes declaraciones cruzadas entre ambos bandos impiden la integraci\u00f3n en una lista.      <\/p>\n<!-- AddThis Advanced Settings generic via filter on the_content --><!-- AddThis Share Buttons generic via filter on the_content -->","protected":false},"excerpt":{"rendered":"<p>Faltan tres semanas para la celebraci\u00f3n del Congreso Nacional del PP y crecen las especulaciones. La probabilidad de que se presente un candidato para disputar a Rajoy la presidencia del partido es escasa, como lo demuestra el hecho de que sea el nombre de Juan Costa el m\u00e1s repetido. Para entendernos, Juan Costa no es [&hellip;]<!-- AddThis Advanced Settings generic via filter on get_the_excerpt --><!-- AddThis Share Buttons generic via filter on get_the_excerpt --><\/p>\n","protected":false},"author":2,"featured_media":0,"comment_status":"open","ping_status":"closed","sticky":false,"template":"","format":"standard","meta":[],"categories":[4],"tags":[],"_links":{"self":[{"href":"https:\/\/blogs.elcomercio.es\/largo_de_cafe\/wp-json\/wp\/v2\/posts\/334"}],"collection":[{"href":"https:\/\/blogs.elcomercio.es\/largo_de_cafe\/wp-json\/wp\/v2\/posts"}],"about":[{"href":"https:\/\/blogs.elcomercio.es\/largo_de_cafe\/wp-json\/wp\/v2\/types\/post"}],"author":[{"embeddable":true,"href":"https:\/\/blogs.elcomercio.es\/largo_de_cafe\/wp-json\/wp\/v2\/users\/2"}],"replies":[{"embeddable":true,"href":"https:\/\/blogs.elcomercio.es\/largo_de_cafe\/wp-json\/wp\/v2\/comments?post=334"}],"version-history":[{"count":0,"href":"https:\/\/blogs.elcomercio.es\/largo_de_cafe\/wp-json\/wp\/v2\/posts\/334\/revisions"}],"wp:attachment":[{"href":"https:\/\/blogs.elcomercio.es\/largo_de_cafe\/wp-json\/wp\/v2\/media?parent=334"}],"wp:term":[{"taxonomy":"category","embeddable":true,"href":"https:\/\/blogs.elcomercio.es\/largo_de_cafe\/wp-json\/wp\/v2\/categories?post=334"},{"taxonomy":"post_tag","embeddable":true,"href":"https:\/\/blogs.elcomercio.es\/largo_de_cafe\/wp-json\/wp\/v2\/tags?post=334"}],"curies":[{"name":"wp","href":"https:\/\/api.w.org\/{rel}","templated":true}]}}