{"id":339,"date":"2008-06-08T10:35:03","date_gmt":"2008-06-08T10:35:03","guid":{"rendered":"http:\/\/blogs.elcomercio.es\/largo_de_cafe\/?p=339"},"modified":"2008-06-08T10:35:03","modified_gmt":"2008-06-08T10:35:03","slug":"la-gran-coalicion","status":"publish","type":"post","link":"https:\/\/blogs.elcomercio.es\/largo_de_cafe\/2008\/06\/08\/la-gran-coalicion\/","title":{"rendered":"LA GRAN COALICI\u00d3N"},"content":{"rendered":"<p><strong>La convergencia del PSOE y del PP en la pol\u00edtica asturiana rompe con tres legislaturas de disensos y bronca <\/strong><\/p>\n<p>El resultado de las elecciones generales ha tenido una gran influencia en la pol\u00edtica asturiana. Siempre ha sido as\u00ed. En la anterior legislatura, la dura pugna entre Zapatero y Rajoy obligaba a repetir en clave regional el enfrentamiento entre el PSOE y el PP, sin dejar margen para el acuerdo. Los comicios de marzo y el &#8216;impasse&#8217; abierto en la pol\u00edtica nacional, con la nueva orientaci\u00f3n que quiere dar Rajoy a la estrategia opositora, han cambiado los presupuestos sobre los que se desarrolla la pol\u00edtica asturiana. Con cuatro ejemplos se ve m\u00e1s claro.<br \/>\nLa ponencia que elabora la reforma del Estatuto de Autonom\u00eda avanza de forma fluida gracias a los contactos regulares que mantienen Fernando Lastra y Joaqu\u00edn Ar\u00e9stegui. A los que se escandalicen de las negociaciones bilaterales cabe recordarles que la Constituci\u00f3n, de la que estamos todos tan orgullosos, fue posible por las conversaciones sin testigos entre Alfonso Guerra y Fernando Abril Martorell. La reforma del Estatuto no sigue el camino de los estatutos catal\u00e1n o andaluz, de fuertes tintes identitarios y ubicados en una perspectiva confederal, sino que versa sobre la asunci\u00f3n de algunas competencias que faltan, dentro de una \u00f3ptica de estricta descentralizaci\u00f3n del Estado. Tambi\u00e9n se introducen algunos elementos que facilitan el desenvolvimiento de la pol\u00edtica auton\u00f3mica, como la posibilidad de disolver la C\u00e1mara por parte del presidente del Principado durante el mandato, o la introducci\u00f3n de la figura del decreto-ley.<br \/>\nEl sesgo dado por los catalanes a su norma m\u00e1xima es entendible por la din\u00e1mica soberanista que envuelve a casi todas las fuerzas pol\u00edticas de esa comunidad aut\u00f3noma, siendo mucho m\u00e1s dif\u00edcil de comprender en el caso de Andaluc\u00eda, al tratarse de una regi\u00f3n que recibe todos los a\u00f1os m\u00e1s de 7.000 millones de euros del Fondo de Suficiencia. En las propuestas de Lastra y Ar\u00e9stegui subyace la perspectiva de mantener un Estado fuerte, en competencias y recursos, capaz de reequilibrar los desajustes entre territorios.<br \/>\nSegundo ejemplo. El rechazo al proyecto de Presupuestos del Principado para el a\u00f1o 2008 hab\u00eda creado muchas dudas sobre la posibilidad de movilizar nuevos recursos. Sin embargo, en menos de seis meses se han sorteado las rigideces de la pr\u00f3rroga presupuestaria con dos cr\u00e9ditos extraordinarios que posibilitan el mismo nivel de inversiones que si se hubieran aprobado las cuentas regionales propuestas por el Gobierno regional. En un contexto de crisis, el beneficio para la obra p\u00fablica y la actividad econ\u00f3mica es evidente. Los dos grupos de oposici\u00f3n, PP e IU, mantuvieron una postura constructiva sobre las solicitudes de cr\u00e9ditos planteadas por el Principado, pero el PP fue mucho m\u00e1s resuelto, al aceptar el tr\u00e1mite de urgencia en el segundo cr\u00e9dito y dar por buena la solicitud porque atend\u00eda los proyectos de los ayuntamientos.<br \/>\nDesde una perspectiva puramente pol\u00edtica, tiene una gran relevancia la elecci\u00f3n parlamentaria de Jos\u00e9 Ram\u00f3n P\u00e9rez Ornia, como director general del Ente P\u00fablico de Comunicaci\u00f3n del Principado, con los votos del PSOE y del PP. La modificaci\u00f3n de la ley traslada la competencia de designaci\u00f3n del Gobierno a la Junta General del Principado; los diputados del PP no dudaron de votar al actual director, pese a que P\u00e9rez Ornia fue mal recibido, en su d\u00eda, por toda la oposici\u00f3n.<br \/>\nComo \u00faltimo ejemplo de los nuevos aires que corren por la pol\u00edtica regional puede ponerse el rechazo conjunto, del PSOE y del PP, al intento de IU de celebrar un gran debate parlamentario, en tres jornadas, sobre el modelo de financiaci\u00f3n auton\u00f3mica. Los dos grupos mayoritarios prefieren dejar que sea el Gobierno asturiano el que defienda la opci\u00f3n regional a partir de las premisas de financiaci\u00f3n elaboradas en la ponencia parlamentaria del Estatuto.<br \/>\n<strong>No es casualidad <\/strong><br \/>\nConverger en la reforma del Estatuto, en las partidas de los cr\u00e9ditos extraordinarios, en el apoyo al director de la televisi\u00f3n del Principado o en el enfoque de la financiaci\u00f3n auton\u00f3mica, no puede ser producto de una suma de casualidades, sino el resultado del giro que ha dado Ovidio S\u00e1nchez tras las elecciones generales.<br \/>\nHay dos elementos que respaldan la postura del PP asturiano: el esfuerzo de moderaci\u00f3n que trata de implantar Rajoy en esta legislatura y la debilidad actual del PP, producto de las cr\u00edticas internas. Frente a ello, el socialismo se encuentra en la cresta de la ola, \u00fanicamente amenazado por los embates de la crisis econ\u00f3mica. Las opciones del PP regional pasan por ganar tiempo para que se sucedan los congresos nacional y regional de la forma m\u00e1s ordenada posible, y esperar a que las reivindicaciones de los colectivos sociales vayan minando el cr\u00e9dito obtenido por el PSOE tras la triple victoria, municipal, auton\u00f3mica y nacional. Para los desmemoriados es bueno recordar que el PP logr\u00f3 el poder en Asturias, en el a\u00f1o 1995, gracias a la profunda crisis econ\u00f3mica de 1993, sin hacer gestos extraordinarios en la Junta General del Principado.<br \/>\nLa otra alternativa consist\u00eda en fomentar las coincidencias con IU en el Parlamento para bloquear la acci\u00f3n del Gobierno. Esa estrategia no favorec\u00eda al PP, porque llevar\u00eda a una din\u00e1mica de elecciones anticipadas de las que no sacar\u00eda ning\u00fan fruto. Tampoco beneficiar\u00edan a IU, que acaba de recoger los peores resultados de toda su historia, y que entre la fronda de los grupos minoritarios va a ver pronto la competencia de UPyD, un grupo que ha sacado 10.000 sufragios y que en la \u00faltima encuesta del CIS doblaba en intenci\u00f3n de voto el resultado del 9 de marzo. No importa que IU y UPyD tengan distinta orientaci\u00f3n, porque ambos competir\u00e1n por capitalizar el voto de rechazo a los grandes partidos.<br \/>\nEl entendimiento entre PSOE y PP, tras nueve a\u00f1os de descalificaciones, es un bien para Asturias, porque las decisiones de esa &#8216;gran coalici\u00f3n&#8217; apenas tienen contestaci\u00f3n. Deber\u00edan aprovechar ambos grupos para sacar adelante algunos proyectos que no son de izquierdas ni de derechas, sino de sentido com\u00fan, como el embalse de Caleao o la incineradora de Ser\u00edn.<br \/>\nLa timidez de planteamientos de algunos consejeros del Gobierno podr\u00eda ser compensada por esa mayor\u00eda cualificada del Parlamento que forman los 41 diputados del PSOE y del PP.<\/p>\n<!-- AddThis Advanced Settings generic via filter on the_content --><!-- AddThis Share Buttons generic via filter on the_content -->","protected":false},"excerpt":{"rendered":"<p>La convergencia del PSOE y del PP en la pol\u00edtica asturiana rompe con tres legislaturas de disensos y bronca El resultado de las elecciones generales ha tenido una gran influencia en la pol\u00edtica asturiana. Siempre ha sido as\u00ed. En la anterior legislatura, la dura pugna entre Zapatero y Rajoy obligaba a repetir en clave regional [&hellip;]<!-- AddThis Advanced Settings generic via filter on get_the_excerpt --><!-- AddThis Share Buttons generic via filter on get_the_excerpt --><\/p>\n","protected":false},"author":2,"featured_media":0,"comment_status":"open","ping_status":"closed","sticky":false,"template":"","format":"standard","meta":[],"categories":[4],"tags":[],"_links":{"self":[{"href":"https:\/\/blogs.elcomercio.es\/largo_de_cafe\/wp-json\/wp\/v2\/posts\/339"}],"collection":[{"href":"https:\/\/blogs.elcomercio.es\/largo_de_cafe\/wp-json\/wp\/v2\/posts"}],"about":[{"href":"https:\/\/blogs.elcomercio.es\/largo_de_cafe\/wp-json\/wp\/v2\/types\/post"}],"author":[{"embeddable":true,"href":"https:\/\/blogs.elcomercio.es\/largo_de_cafe\/wp-json\/wp\/v2\/users\/2"}],"replies":[{"embeddable":true,"href":"https:\/\/blogs.elcomercio.es\/largo_de_cafe\/wp-json\/wp\/v2\/comments?post=339"}],"version-history":[{"count":0,"href":"https:\/\/blogs.elcomercio.es\/largo_de_cafe\/wp-json\/wp\/v2\/posts\/339\/revisions"}],"wp:attachment":[{"href":"https:\/\/blogs.elcomercio.es\/largo_de_cafe\/wp-json\/wp\/v2\/media?parent=339"}],"wp:term":[{"taxonomy":"category","embeddable":true,"href":"https:\/\/blogs.elcomercio.es\/largo_de_cafe\/wp-json\/wp\/v2\/categories?post=339"},{"taxonomy":"post_tag","embeddable":true,"href":"https:\/\/blogs.elcomercio.es\/largo_de_cafe\/wp-json\/wp\/v2\/tags?post=339"}],"curies":[{"name":"wp","href":"https:\/\/api.w.org\/{rel}","templated":true}]}}