{"id":340,"date":"2008-06-09T08:06:18","date_gmt":"2008-06-09T08:06:18","guid":{"rendered":"http:\/\/blogs.elcomercio.es\/largo_de_cafe\/?p=340"},"modified":"2008-06-09T08:06:18","modified_gmt":"2008-06-09T08:06:18","slug":"la-bomba-casa","status":"publish","type":"post","link":"https:\/\/blogs.elcomercio.es\/largo_de_cafe\/2008\/06\/09\/la-bomba-casa\/","title":{"rendered":"LA BOMBA EN CASA"},"content":{"rendered":"<p>El  atentado de ETA contra &#8216;El Correo&#8217; entra dentro de lo previsto por la organizaci\u00f3n terrorista cuando al dar por concluida la tregua decret\u00f3 abiertos \u00abtodos los frentes\u00bb. Un d\u00eda toca asesinar a un ex edil socialista, al otro colocar un coche-bomba en un cuartel de la Guardia Civil, un tercero procede atentar contra la construcci\u00f3n de la &#8216;Y&#8217; vasca, y ayer tocaba adosar una bomba en el edificio del principal peri\u00f3dico del Pa\u00eds Vasco. Tras el fallido intento de negociar con el Gobierno, la banda terrorista busca romper la normalidad, con la vana esperanza de resultar un obst\u00e1culo insalvable para la democracia, antesala de una quim\u00e9rica rendici\u00f3n del Estado de Derecho.<br \/>\nBasta echar la vista atr\u00e1s para comprender que ETA nunca ha logrado alcanzar un objetivo, por peque\u00f1o y parcial que fuese. Si exceptuamos la paralizaci\u00f3n de la central nuclear de Lemoniz, a la que ETA contribuy\u00f3 con sus atentados mortales (Ryan Estrada y \u00c1ngel Pascual) sum\u00e1ndose a una corriente social, ecologista, que hab\u00eda en la sociedad vasca contraria al proyecto, no se me ocurre encontrar otro objetivo que hayan detenido los atentados de la banda. La Guardia Civil sigue en el Pa\u00eds Vasco, cuarenta a\u00f1os despu\u00e9s del primer atentado mortal; los socialistas han aumentado su representaci\u00f3n en las instituciones democr\u00e1ticas tras el \u00faltimo atentado sufrido; la infraestructura ferroviaria de la &#8216;Y&#8217; vasca se va a ejecutar como estaba previsto; y &#8216;El Correo&#8217; seguir\u00e1 diariamente contando la actualidad del Pa\u00eds Vasco, de Espa\u00f1a y del mundo, tal como conocemos sus lectores.<br \/>\nCualquier atentado contra un medio de comunicaci\u00f3n se interpreta siempre como un intento de coartar la libertad de expresi\u00f3n. Tras esta explicaci\u00f3n general hay siempre un m\u00f3vil concreto: tapar la boca al mensajero que cuenta lo que no le gusta al terrorista. &#8216;El Correo&#8217; y el &#8216;Diario Vasco&#8217; cumplen con una responsabilidad que excede el cometido cotidiano de un peri\u00f3dico: ser referencia inequ\u00edvoca de los valores constitucionales en medio de un territorio donde muchas instituciones pol\u00edticas acostumbran a desempe\u00f1ar papeles ambiguos. No exagero ni un \u00e1pice si afirmo que en el Pa\u00eds Vasco la mejor defensa de la democracia tiene letra de peri\u00f3dico. Por eso no nos van a fallar.<\/p>\n<!-- AddThis Advanced Settings generic via filter on the_content --><!-- AddThis Share Buttons generic via filter on the_content -->","protected":false},"excerpt":{"rendered":"<p>El atentado de ETA contra &#8216;El Correo&#8217; entra dentro de lo previsto por la organizaci\u00f3n terrorista cuando al dar por concluida la tregua decret\u00f3 abiertos \u00abtodos los frentes\u00bb. Un d\u00eda toca asesinar a un ex edil socialista, al otro colocar un coche-bomba en un cuartel de la Guardia Civil, un tercero procede atentar contra la [&hellip;]<!-- AddThis Advanced Settings generic via filter on get_the_excerpt --><!-- AddThis Share Buttons generic via filter on get_the_excerpt --><\/p>\n","protected":false},"author":2,"featured_media":0,"comment_status":"open","ping_status":"closed","sticky":false,"template":"","format":"standard","meta":[],"categories":[4],"tags":[],"_links":{"self":[{"href":"https:\/\/blogs.elcomercio.es\/largo_de_cafe\/wp-json\/wp\/v2\/posts\/340"}],"collection":[{"href":"https:\/\/blogs.elcomercio.es\/largo_de_cafe\/wp-json\/wp\/v2\/posts"}],"about":[{"href":"https:\/\/blogs.elcomercio.es\/largo_de_cafe\/wp-json\/wp\/v2\/types\/post"}],"author":[{"embeddable":true,"href":"https:\/\/blogs.elcomercio.es\/largo_de_cafe\/wp-json\/wp\/v2\/users\/2"}],"replies":[{"embeddable":true,"href":"https:\/\/blogs.elcomercio.es\/largo_de_cafe\/wp-json\/wp\/v2\/comments?post=340"}],"version-history":[{"count":0,"href":"https:\/\/blogs.elcomercio.es\/largo_de_cafe\/wp-json\/wp\/v2\/posts\/340\/revisions"}],"wp:attachment":[{"href":"https:\/\/blogs.elcomercio.es\/largo_de_cafe\/wp-json\/wp\/v2\/media?parent=340"}],"wp:term":[{"taxonomy":"category","embeddable":true,"href":"https:\/\/blogs.elcomercio.es\/largo_de_cafe\/wp-json\/wp\/v2\/categories?post=340"},{"taxonomy":"post_tag","embeddable":true,"href":"https:\/\/blogs.elcomercio.es\/largo_de_cafe\/wp-json\/wp\/v2\/tags?post=340"}],"curies":[{"name":"wp","href":"https:\/\/api.w.org\/{rel}","templated":true}]}}