{"id":345,"date":"2008-06-14T12:34:19","date_gmt":"2008-06-14T12:34:19","guid":{"rendered":"http:\/\/blogs.elcomercio.es\/largo_de_cafe\/?p=345"},"modified":"2008-06-14T12:34:19","modified_gmt":"2008-06-14T12:34:19","slug":"gracias-al-pp","status":"publish","type":"post","link":"https:\/\/blogs.elcomercio.es\/largo_de_cafe\/2008\/06\/14\/gracias-al-pp\/","title":{"rendered":"GRACIAS AL PP"},"content":{"rendered":"<p>    El segundo cr\u00e9dito presupuestario, presentado por el Gobierno regional a la Junta General del Principado, fue aprobado con los votos del PSOE y del PP, optando IU por la abstenci\u00f3n. Tras el visto bueno parlamentario, el Gobierno de \u00c1lvarez Areces ya tiene para invertir y gastar tantos recursos como los previstos en las cuentas rechazadas por el Parlamento, al final del pasado a\u00f1o. El Principado podr\u00e1 contar con cerca de 250 millones de euros, que no estaban en la pr\u00f3rroga presupuestaria, gracias al apoyo del PP que ha respaldado todas las propuestas de inversi\u00f3n planteadas por el Gobierno regional. A falta de una estrategia definida, IU ha apoyado el primer cr\u00e9dito, para no enfrentarse a los sindicatos, y se ha abstenido en el segundo para distanciarse de los socialistas. <\/p>\n<p>    En el debate parlamentario, el portavoz socialista, \u00c1lvaro \u00c1lvarez, ha reconocido el proceder responsable del PP y les ha invitado a discutir las bases presupuestarias del a\u00f1o 2009, para no perder inversiones. Por su parte, Ovidio S\u00e1nchez ve dif\u00edcil consensuar las futuras cuentas regionales, arguyendo las diferencias que hay entre los dos partidos en pol\u00edtica econ\u00f3mica.<\/p>\n<p>     El Gobierno socialista tiene que estar enormemente satisfecho del giro que ha dado el curso parlamentario. Ni en el m\u00e1s bello de los sue\u00f1os pod\u00eda imaginar que el grupo parlamentario del PP aprobara todas las propuestas de gasto presentadas en la C\u00e1mara. Si los ayuntamientos cuentan con apoyo financiero para desarrollar proyectos es gracias a la nueva estrategia del PP que ha comprendido que el favor de los ciudadanos no se consigue bloqueando el Parlamento sino respaldando lo que beneficia los intereses generales. Eso no quita para extremar el control sobre la acci\u00f3n del Gobierno, como lo demuestra al votar la creaci\u00f3n de una comisi\u00f3n parlamentaria que estudiar\u00e1 los sobrecostes del nuevo Hospital Central. Lo que no pueden pretender los socialistas es que la actitud constructiva del PP se confunda con la pol\u00edtica de un aliado del Gobierno. Me refiero a la propuesta para consensuar un nuevo presupuesto. Una cosa es ser bueno y otra renunciar a ser oposici\u00f3n. En ning\u00fan parlamento el PSOE y el PP votan juntos las cuentas anuales. Asturias no ser\u00e1 una excepci\u00f3n.      <\/p>\n<!-- AddThis Advanced Settings generic via filter on the_content --><!-- AddThis Share Buttons generic via filter on the_content -->","protected":false},"excerpt":{"rendered":"<p>El segundo cr\u00e9dito presupuestario, presentado por el Gobierno regional a la Junta General del Principado, fue aprobado con los votos del PSOE y del PP, optando IU por la abstenci\u00f3n. Tras el visto bueno parlamentario, el Gobierno de \u00c1lvarez Areces ya tiene para invertir y gastar tantos recursos como los previstos en las cuentas rechazadas [&hellip;]<!-- AddThis Advanced Settings generic via filter on get_the_excerpt --><!-- AddThis Share Buttons generic via filter on get_the_excerpt --><\/p>\n","protected":false},"author":2,"featured_media":0,"comment_status":"open","ping_status":"closed","sticky":false,"template":"","format":"standard","meta":[],"categories":[4],"tags":[],"_links":{"self":[{"href":"https:\/\/blogs.elcomercio.es\/largo_de_cafe\/wp-json\/wp\/v2\/posts\/345"}],"collection":[{"href":"https:\/\/blogs.elcomercio.es\/largo_de_cafe\/wp-json\/wp\/v2\/posts"}],"about":[{"href":"https:\/\/blogs.elcomercio.es\/largo_de_cafe\/wp-json\/wp\/v2\/types\/post"}],"author":[{"embeddable":true,"href":"https:\/\/blogs.elcomercio.es\/largo_de_cafe\/wp-json\/wp\/v2\/users\/2"}],"replies":[{"embeddable":true,"href":"https:\/\/blogs.elcomercio.es\/largo_de_cafe\/wp-json\/wp\/v2\/comments?post=345"}],"version-history":[{"count":0,"href":"https:\/\/blogs.elcomercio.es\/largo_de_cafe\/wp-json\/wp\/v2\/posts\/345\/revisions"}],"wp:attachment":[{"href":"https:\/\/blogs.elcomercio.es\/largo_de_cafe\/wp-json\/wp\/v2\/media?parent=345"}],"wp:term":[{"taxonomy":"category","embeddable":true,"href":"https:\/\/blogs.elcomercio.es\/largo_de_cafe\/wp-json\/wp\/v2\/categories?post=345"},{"taxonomy":"post_tag","embeddable":true,"href":"https:\/\/blogs.elcomercio.es\/largo_de_cafe\/wp-json\/wp\/v2\/tags?post=345"}],"curies":[{"name":"wp","href":"https:\/\/api.w.org\/{rel}","templated":true}]}}