{"id":348,"date":"2008-06-17T08:07:25","date_gmt":"2008-06-17T08:07:25","guid":{"rendered":"http:\/\/blogs.elcomercio.es\/largo_de_cafe\/?p=348"},"modified":"2008-06-17T08:07:25","modified_gmt":"2008-06-17T08:07:25","slug":"contra-sentido-comun","status":"publish","type":"post","link":"https:\/\/blogs.elcomercio.es\/largo_de_cafe\/2008\/06\/17\/contra-sentido-comun\/","title":{"rendered":"CONTRA EL SENTIDO COM\u00daN"},"content":{"rendered":"<p>Andan los grupos parlamentarios dando vueltas a la inclusi\u00f3n de la concertaci\u00f3n social en el Estatuto de Autonom\u00eda. IU es ferviente partidaria de esa alternativa para que el pacto social no tenga vuelta atr\u00e1s y, aunque gobierne la derecha m\u00e1s extrema, no tenga otro remedio que convocar a los agentes sociales y negociar un pacto de progreso. El PSOE y el PP tienen una postura m\u00e1s vacilante y reflexionan sobre la posibilidad de realizar en el Estatuto alguna alusi\u00f3n al tema, como recoger en el texto la conveniencia del pacto social. Puestos a quedarse con una de las dos propuestas, la del PSOE y del PP es menos mala que la de IU, aunque no tenga nada de buena. <\/p>\n<p>En el \u00faltimo proceso de reformas estatutarias se ha optado por incluir en los textos variadas cuestiones que son ajenas al r\u00e9gimen auton\u00f3mico. Algunas de ellas tienen cabida en las constituciones, como recoger un listado de derechos y deberes, mientras que otro grupo de propuestas descienden al detalle de un reglamento, as\u00ed que no valdr\u00edan ni para una ley ordinaria.Las novedades incluidas en los estatutos de autonom\u00eda tienen un denominador com\u00fan: convertir las cartas auton\u00f3micas en un arma para intervenir en la vida de los ciudadanos y en los usos institucionales y sociales. La inclusi\u00f3n del pacto social en el Estatuto de Autonom\u00eda de Asturias sigue esta senda. <\/p>\n<p>La autonom\u00eda y el autogobierno no tienen nada que ver con el pacto social. Se puede tener un acendrado sentido de la autonom\u00eda y un nivel de autogobierno muy alto sin que haya concertaci\u00f3n social. Y al rev\u00e9s: la concertaci\u00f3n social m\u00e1s perfecta no aporta un gramo de autogobierno. El pacto social no es bueno ni malo, por si mismo, siendo conveniente en determinadas circunstancias y resultando una iniciativa hueca en otras. El intento de convertir la concertaci\u00f3n social en un rasgo identitario de Asturias es una patochada. Lo \u00fanico verdaderamente an\u00f3malo en Asturias es el exorbitante peso de los agentes sociales que negocian con el Principado los planes de infraestructuras y la gesti\u00f3n de los servicios p\u00fablicos. En ning\u00fan territorio avanzado existe esa confusi\u00f3n entre fuerzas sociales y poder pol\u00edtico, as\u00ed que ser\u00eda un error consagrar esa f\u00f3rmula elev\u00e1ndola al rango de ley org\u00e1nica. <\/p>\n<!-- AddThis Advanced Settings generic via filter on the_content --><!-- AddThis Share Buttons generic via filter on the_content -->","protected":false},"excerpt":{"rendered":"<p>Andan los grupos parlamentarios dando vueltas a la inclusi\u00f3n de la concertaci\u00f3n social en el Estatuto de Autonom\u00eda. IU es ferviente partidaria de esa alternativa para que el pacto social no tenga vuelta atr\u00e1s y, aunque gobierne la derecha m\u00e1s extrema, no tenga otro remedio que convocar a los agentes sociales y negociar un pacto [&hellip;]<!-- AddThis Advanced Settings generic via filter on get_the_excerpt --><!-- AddThis Share Buttons generic via filter on get_the_excerpt --><\/p>\n","protected":false},"author":2,"featured_media":0,"comment_status":"open","ping_status":"closed","sticky":false,"template":"","format":"standard","meta":[],"categories":[4],"tags":[],"_links":{"self":[{"href":"https:\/\/blogs.elcomercio.es\/largo_de_cafe\/wp-json\/wp\/v2\/posts\/348"}],"collection":[{"href":"https:\/\/blogs.elcomercio.es\/largo_de_cafe\/wp-json\/wp\/v2\/posts"}],"about":[{"href":"https:\/\/blogs.elcomercio.es\/largo_de_cafe\/wp-json\/wp\/v2\/types\/post"}],"author":[{"embeddable":true,"href":"https:\/\/blogs.elcomercio.es\/largo_de_cafe\/wp-json\/wp\/v2\/users\/2"}],"replies":[{"embeddable":true,"href":"https:\/\/blogs.elcomercio.es\/largo_de_cafe\/wp-json\/wp\/v2\/comments?post=348"}],"version-history":[{"count":0,"href":"https:\/\/blogs.elcomercio.es\/largo_de_cafe\/wp-json\/wp\/v2\/posts\/348\/revisions"}],"wp:attachment":[{"href":"https:\/\/blogs.elcomercio.es\/largo_de_cafe\/wp-json\/wp\/v2\/media?parent=348"}],"wp:term":[{"taxonomy":"category","embeddable":true,"href":"https:\/\/blogs.elcomercio.es\/largo_de_cafe\/wp-json\/wp\/v2\/categories?post=348"},{"taxonomy":"post_tag","embeddable":true,"href":"https:\/\/blogs.elcomercio.es\/largo_de_cafe\/wp-json\/wp\/v2\/tags?post=348"}],"curies":[{"name":"wp","href":"https:\/\/api.w.org\/{rel}","templated":true}]}}