{"id":35,"date":"2007-08-10T14:39:19","date_gmt":"2007-08-10T14:39:19","guid":{"rendered":"http:\/\/blogs.elcomercio.es\/largo_de_cafe\/?p=35"},"modified":"2007-08-10T14:39:19","modified_gmt":"2007-08-10T14:39:19","slug":"politica-erratica","status":"publish","type":"post","link":"https:\/\/blogs.elcomercio.es\/largo_de_cafe\/2007\/08\/10\/politica-erratica\/","title":{"rendered":"Pol\u00edtica err\u00e1tica"},"content":{"rendered":"<p>El Principado ha dado marcha atr\u00e1s al traslado del Instituto Asturiano de la Mujer a Gij\u00f3n. La decisi\u00f3n, comunicada por la directora del organismo, estaba basada en razones funcionales y econ\u00f3micas, al contar en Gij\u00f3n con unas dependencias amplias (m\u00e1s de 1.000 metros cuadrados) y de titularidad p\u00fablica, mientras que en Oviedo est\u00e1 ubicado en un piso de alquiler. <\/p>\n<p>La negativa, expresada por la consejera, Ana Rosa Migoya, no estuvo acompa\u00f1ada de motivaci\u00f3n. Algo as\u00ed como decir que \u201cno se traslada y punto\u201d. Nadie le puede negar competencia para ello, pero como la noticia del traslado hab\u00eda partido de la directora del Instituto se echa de menos una cierta argumentaci\u00f3n por parte de la portavoz del Gobierno. \u00bfPor qu\u00e9 rectifica el Principado?<\/p>\n<p>     No hay que ser muy astuto para percatarse de que la raz\u00f3n del cambio de opini\u00f3n est\u00e1 en la respuesta del Ayuntamiento de Oviedo -grupo municipal socialista incluido-, contrario al traslado de la sede del organismo. Cambiar de postura por el hecho de que alguien discrepe es una prueba de debilidad, pero cuando la rectificaci\u00f3n no va acompa\u00f1ada de argumentos se incurre de lleno en lo que se conoce como \u201cpol\u00edtica err\u00e1tica\u201d. El Principado carece de criterios generales para ubicar las sedes de los organismos, m\u00e1s all\u00e1 de lo que viene estipulado por el Estatuto de Autonom\u00eda. A partir de ese vac\u00edo se mueve entre aspiraciones y miedos, de modo que sus decisiones tienen un car\u00e1cter provisional, a modo de tanteo, pendientes luego de ser rectificadas o ratificadas por otras instituciones. <\/p>\n<p>     Las pol\u00edticas de Igualdad est\u00e1n en este mandato bajo la competencia de la Consejer\u00eda de la Presidencia, cuya titular es Mar\u00eda Jos\u00e9 Ramos, persona de probada sensibilidad hacia la materia y tambi\u00e9n de conocida militancia gijonesa. Me extra\u00f1ar\u00eda mucho que la consejera de la Presidencia no conociese los planes de traslado, pero a\u00fan me extra\u00f1ar\u00eda m\u00e1s que no le pareciesen bien. A partir de estos datos, la entrada del Ayuntamiento de Gij\u00f3n en el debate es obligada, porque como el Gobierno carece de criterios generales, es muy peligroso guardar silencio, ya que puede ser interpretado en sentido positivo para sus planes. Y a\u00fan peor: que su \u00fanico interlocutor sea el Ayuntamiento de Oviedo.      <\/p>\n<!-- AddThis Advanced Settings generic via filter on the_content --><!-- AddThis Share Buttons generic via filter on the_content -->","protected":false},"excerpt":{"rendered":"<p>El Principado ha dado marcha atr\u00e1s al traslado del Instituto Asturiano de la Mujer a Gij\u00f3n. La decisi\u00f3n, comunicada por la directora del organismo, estaba basada en razones funcionales y econ\u00f3micas, al contar en Gij\u00f3n con unas dependencias amplias (m\u00e1s de 1.000 metros cuadrados) y de titularidad p\u00fablica, mientras que en Oviedo est\u00e1 ubicado en [&hellip;]<!-- AddThis Advanced Settings generic via filter on get_the_excerpt --><!-- AddThis Share Buttons generic via filter on get_the_excerpt --><\/p>\n","protected":false},"author":2,"featured_media":0,"comment_status":"open","ping_status":"closed","sticky":false,"template":"","format":"standard","meta":[],"categories":[4],"tags":[],"_links":{"self":[{"href":"https:\/\/blogs.elcomercio.es\/largo_de_cafe\/wp-json\/wp\/v2\/posts\/35"}],"collection":[{"href":"https:\/\/blogs.elcomercio.es\/largo_de_cafe\/wp-json\/wp\/v2\/posts"}],"about":[{"href":"https:\/\/blogs.elcomercio.es\/largo_de_cafe\/wp-json\/wp\/v2\/types\/post"}],"author":[{"embeddable":true,"href":"https:\/\/blogs.elcomercio.es\/largo_de_cafe\/wp-json\/wp\/v2\/users\/2"}],"replies":[{"embeddable":true,"href":"https:\/\/blogs.elcomercio.es\/largo_de_cafe\/wp-json\/wp\/v2\/comments?post=35"}],"version-history":[{"count":0,"href":"https:\/\/blogs.elcomercio.es\/largo_de_cafe\/wp-json\/wp\/v2\/posts\/35\/revisions"}],"wp:attachment":[{"href":"https:\/\/blogs.elcomercio.es\/largo_de_cafe\/wp-json\/wp\/v2\/media?parent=35"}],"wp:term":[{"taxonomy":"category","embeddable":true,"href":"https:\/\/blogs.elcomercio.es\/largo_de_cafe\/wp-json\/wp\/v2\/categories?post=35"},{"taxonomy":"post_tag","embeddable":true,"href":"https:\/\/blogs.elcomercio.es\/largo_de_cafe\/wp-json\/wp\/v2\/tags?post=35"}],"curies":[{"name":"wp","href":"https:\/\/api.w.org\/{rel}","templated":true}]}}