{"id":357,"date":"2008-06-26T08:10:33","date_gmt":"2008-06-26T08:10:33","guid":{"rendered":"http:\/\/blogs.elcomercio.es\/largo_de_cafe\/?p=357"},"modified":"2008-06-26T08:10:33","modified_gmt":"2008-06-26T08:10:33","slug":"la-derecha-segun-rajoy","status":"publish","type":"post","link":"https:\/\/blogs.elcomercio.es\/largo_de_cafe\/2008\/06\/26\/la-derecha-segun-rajoy\/","title":{"rendered":"LA DERECHA SEG\u00daN RAJOY"},"content":{"rendered":"<p>     Mariano Rajoy caracteriza el \u201cmarianismo\u201d con cuatro rasgos: centro, mujer, di\u00e1logo y futuro. A buen entendedor, con cuatro pinceladas bastan: se acab\u00f3 la \u00e9poca de centrar el debate pol\u00edtico sobre los nacionalismos y de realizar cr\u00edticas al Gobierno por su pol\u00edtica antiterrorista. As\u00ed como hay una corriente del PP llamada \u201caznarismo\u201d, que predica el enfrentamiento con la izquierda y los nacionalismos perif\u00e9ricos, hay otra escuela del PP, el \u201cmarianismo\u201d, que pretende hacer una oposici\u00f3n m\u00e1s amable, menos conceptual, y volcada en el marketing pol\u00edtico, que no es otra cosa que trasladar a la estrategia pol\u00edtica los resultados de la sociolog\u00eda electoral. <\/p>\n<p>     Lo de poner por delante la consideraci\u00f3n de mujer no es nuevo en el discurso de Rajoy, que termin\u00f3 los debates televisados con Zapatero aludiendo a \u201cla ni\u00f1a\u201d. En aquel momento no se entendieron bien esas citas, pero ahora ya sabemos que el PSOE obtuvo la mayor diferencia de votos entre el p\u00fablico femenino. Para compensar ese d\u00e9ficit, la mujer constituir\u00e1 a partir de ahora una de las prioridades en las declaraciones de los dirigentes del PP. Lo de hablar de centro ya es un cl\u00e1sico en el partido de la derecha. Con Fraga, Aznar y Rajoy, el PP se pas\u00f3 la vida haciendo referencias al centro. Decir que es de centro supone dejar de disputar la hegemon\u00eda ideol\u00f3gica a la izquierda, porque los conceptos pol\u00edticos de nuestra democracia tienen m\u00e1s sustancia de izquierdas que de derechas. Pese a que la versi\u00f3n oficial habla de una \u201cConstituci\u00f3n de todos\u201d, en realidad fue m\u00e1s de unos que de otros; me refiero al n\u00facleo de fuerzas que sac\u00f3 adelante el texto (UCD, PSOE, PCE y CiU), quedando fuera AP y el PNV. Decir que se es de centro supone anunciar que la pugna con la izquierda se va a desarrollar sobre la gesti\u00f3n, no sobre una ideolog\u00eda, que m\u00e1s o menos se comparte entre las dos fuerzas mayoritarias.<\/p>\n<p>     Hablar de di\u00e1logo es lo mismo que prefigurar un alto nivel de acuerdos, as\u00ed que ya entrevemos a Zapatero y Rajoy firmando pactos sobre pensiones, medioambiente o energ\u00eda. Y queda lo de futuro, que parece una obviedad, pero supone la forma m\u00e1s clara de decir adi\u00f3s al \u201caznarismo\u201d. \u00bfHan ca\u00eddo en la cuenta de qu\u00e9 l\u00edder nos hab\u00eda hablado hasta ahora de mujer, di\u00e1logo y futuro? Empieza por Z.  <\/p>\n<!-- AddThis Advanced Settings generic via filter on the_content --><!-- AddThis Share Buttons generic via filter on the_content -->","protected":false},"excerpt":{"rendered":"<p>Mariano Rajoy caracteriza el \u201cmarianismo\u201d con cuatro rasgos: centro, mujer, di\u00e1logo y futuro. A buen entendedor, con cuatro pinceladas bastan: se acab\u00f3 la \u00e9poca de centrar el debate pol\u00edtico sobre los nacionalismos y de realizar cr\u00edticas al Gobierno por su pol\u00edtica antiterrorista. As\u00ed como hay una corriente del PP llamada \u201caznarismo\u201d, que predica el enfrentamiento [&hellip;]<!-- AddThis Advanced Settings generic via filter on get_the_excerpt --><!-- AddThis Share Buttons generic via filter on get_the_excerpt --><\/p>\n","protected":false},"author":2,"featured_media":0,"comment_status":"open","ping_status":"closed","sticky":false,"template":"","format":"standard","meta":[],"categories":[4],"tags":[],"_links":{"self":[{"href":"https:\/\/blogs.elcomercio.es\/largo_de_cafe\/wp-json\/wp\/v2\/posts\/357"}],"collection":[{"href":"https:\/\/blogs.elcomercio.es\/largo_de_cafe\/wp-json\/wp\/v2\/posts"}],"about":[{"href":"https:\/\/blogs.elcomercio.es\/largo_de_cafe\/wp-json\/wp\/v2\/types\/post"}],"author":[{"embeddable":true,"href":"https:\/\/blogs.elcomercio.es\/largo_de_cafe\/wp-json\/wp\/v2\/users\/2"}],"replies":[{"embeddable":true,"href":"https:\/\/blogs.elcomercio.es\/largo_de_cafe\/wp-json\/wp\/v2\/comments?post=357"}],"version-history":[{"count":0,"href":"https:\/\/blogs.elcomercio.es\/largo_de_cafe\/wp-json\/wp\/v2\/posts\/357\/revisions"}],"wp:attachment":[{"href":"https:\/\/blogs.elcomercio.es\/largo_de_cafe\/wp-json\/wp\/v2\/media?parent=357"}],"wp:term":[{"taxonomy":"category","embeddable":true,"href":"https:\/\/blogs.elcomercio.es\/largo_de_cafe\/wp-json\/wp\/v2\/categories?post=357"},{"taxonomy":"post_tag","embeddable":true,"href":"https:\/\/blogs.elcomercio.es\/largo_de_cafe\/wp-json\/wp\/v2\/tags?post=357"}],"curies":[{"name":"wp","href":"https:\/\/api.w.org\/{rel}","templated":true}]}}