{"id":380,"date":"2008-07-24T08:20:22","date_gmt":"2008-07-24T08:20:22","guid":{"rendered":"http:\/\/blogs.elcomercio.es\/largo_de_cafe\/?p=380"},"modified":"2008-07-24T08:20:22","modified_gmt":"2008-07-24T08:20:22","slug":"el-acuerdo-necesario","status":"publish","type":"post","link":"https:\/\/blogs.elcomercio.es\/largo_de_cafe\/2008\/07\/24\/el-acuerdo-necesario\/","title":{"rendered":"EL ACUERDO NECESARIO"},"content":{"rendered":"<p>El primer encuentro entre Zapatero y Rajoy en esta legislatura ha tenido un resultado positivo, algo que nunca hab\u00eda pasado en las entrevistas de ambos l\u00edderes en el anterior mandato. Al presidente le interesaba el acuerdo y el l\u00edder de la oposici\u00f3n lo necesitaba para ratificar el giro impuesto en la estrategia del PP. La suma de conveniencias y necesidades hizo que se produjera el consenso sobre la pol\u00edtica antiterrorista y sobre la reforma de algunos de los principales \u00f3rganos de la Justicia. El terrorismo fue el asunto que centr\u00f3 la controversia pol\u00edtica durante los \u00faltimos cuatro a\u00f1os y el enquistamiento de los conflictos institucionales tuvo su asiento en los \u00f3rganos judiciales, cuya composici\u00f3n depende de decisiones pol\u00edticas. En dos horas de conversaci\u00f3n ha quedado todo arreglado. Visto lo visto, cabe concluir que las elecciones tienen algo de terapia. <\/p>\n<p>Las desavenencias se concretaron en el terreno de la econom\u00eda. Rajoy pidi\u00f3 reducir el gasto p\u00fablico en un 2%, demanda rechazada por Zapatero, porque el presidente del Gobierno considera que tiene que garantizar incrementos suficientes en algunas partidas, como la cuant\u00eda de las pensiones o el sueldo de los funcionarios. Ese tipo de argumentaci\u00f3n no deja de ser una mera escenificaci\u00f3n de sus posiciones ideol\u00f3gicas. La derecha solicitando contener el gasto p\u00fablico y la izquierda reivindicando el papel solidario del gasto en la crisis. Ambos quedan bien ante sus clientelas. Sin embargo, si se mira con detalle, se hacen visibles las contradicciones. Rajoy pide limitar el gasto p\u00fablico, pero quiere que suban las deducciones por compra de vivienda. El l\u00edder de la oposici\u00f3n plantea reducir el impuesto de sociedades y solicita un aumento de la ayuda a las familias para que paguen las hipotecas. No se pueden bajar los impuestos, mientras se incrementan los subsidios, y todo ello envuelto en un discurso de reducci\u00f3n del gasto p\u00fablico. Por parte de Zapatero, las contradicciones ya se produjeron en la v\u00edspera de la entrevista: pol\u00edtica de contenci\u00f3n y un plan de 60.000 millones de euros para luchar contra la crisis. <\/p>\n<p>Est\u00e1 bien que ZP y Rajoy sellen acuerdos y limiten sus desavenencias. Pero puestos a pactar, nada m\u00e1s urgente para Espa\u00f1a que un pacto global sobre la crisis, como hicieron gobierno y oposici\u00f3n hace ahora treinta a\u00f1os.<\/p>\n<!-- AddThis Advanced Settings generic via filter on the_content --><!-- AddThis Share Buttons generic via filter on the_content -->","protected":false},"excerpt":{"rendered":"<p>El primer encuentro entre Zapatero y Rajoy en esta legislatura ha tenido un resultado positivo, algo que nunca hab\u00eda pasado en las entrevistas de ambos l\u00edderes en el anterior mandato. Al presidente le interesaba el acuerdo y el l\u00edder de la oposici\u00f3n lo necesitaba para ratificar el giro impuesto en la estrategia del PP. La [&hellip;]<!-- AddThis Advanced Settings generic via filter on get_the_excerpt --><!-- AddThis Share Buttons generic via filter on get_the_excerpt --><\/p>\n","protected":false},"author":2,"featured_media":0,"comment_status":"open","ping_status":"closed","sticky":false,"template":"","format":"standard","meta":[],"categories":[4],"tags":[],"_links":{"self":[{"href":"https:\/\/blogs.elcomercio.es\/largo_de_cafe\/wp-json\/wp\/v2\/posts\/380"}],"collection":[{"href":"https:\/\/blogs.elcomercio.es\/largo_de_cafe\/wp-json\/wp\/v2\/posts"}],"about":[{"href":"https:\/\/blogs.elcomercio.es\/largo_de_cafe\/wp-json\/wp\/v2\/types\/post"}],"author":[{"embeddable":true,"href":"https:\/\/blogs.elcomercio.es\/largo_de_cafe\/wp-json\/wp\/v2\/users\/2"}],"replies":[{"embeddable":true,"href":"https:\/\/blogs.elcomercio.es\/largo_de_cafe\/wp-json\/wp\/v2\/comments?post=380"}],"version-history":[{"count":0,"href":"https:\/\/blogs.elcomercio.es\/largo_de_cafe\/wp-json\/wp\/v2\/posts\/380\/revisions"}],"wp:attachment":[{"href":"https:\/\/blogs.elcomercio.es\/largo_de_cafe\/wp-json\/wp\/v2\/media?parent=380"}],"wp:term":[{"taxonomy":"category","embeddable":true,"href":"https:\/\/blogs.elcomercio.es\/largo_de_cafe\/wp-json\/wp\/v2\/categories?post=380"},{"taxonomy":"post_tag","embeddable":true,"href":"https:\/\/blogs.elcomercio.es\/largo_de_cafe\/wp-json\/wp\/v2\/tags?post=380"}],"curies":[{"name":"wp","href":"https:\/\/api.w.org\/{rel}","templated":true}]}}