{"id":39,"date":"2007-08-06T23:14:33","date_gmt":"2007-08-06T23:14:33","guid":{"rendered":"http:\/\/blogs.elcomercio.es\/largo_de_cafe\/?p=39"},"modified":"2007-08-06T23:14:33","modified_gmt":"2007-08-06T23:14:33","slug":"acerca-capitales","status":"publish","type":"post","link":"https:\/\/blogs.elcomercio.es\/largo_de_cafe\/2007\/08\/06\/acerca-capitales\/","title":{"rendered":"ACERCA DE CAPITALES"},"content":{"rendered":"<p>La controversia sobre las sedes del Principado ha llevado la divisi\u00f3n al interior de los partidos pol\u00edticos. Los socialistas de Gij\u00f3n y Avil\u00e9s piensan una cosa, mientras que los de Oviedo consideran acertado lo contrario. En la derecha se da un fen\u00f3meno similar: De Lorenzo y Pilar Fern\u00e1ndez Pardo mantienen posturas opuestas, pese a que ambos son vicepresidentes del PP asturiano. La disputa entre ayuntamientos asturianos recuerda lo que a gran escala ocurre con las regiones, en las que los l\u00edderes pol\u00edticos plantean un tipo de competencias administrativas o de modelo de financiaci\u00f3n auton\u00f3mica seg\u00fan el territorio que representan, sin importar el partido en el que militan. Por ejemplo, lo m\u00e1s parecido a un socialista andaluz reivindicando la autonom\u00eda de su tierra es un \u201cpepero\u201d de esa regi\u00f3n. No hay diferencias. Esto nos lleva a constatar que la pulsi\u00f3n del terru\u00f1o es m\u00e1s fuerte que la ideol\u00f3gica, aunque es un juicio un tanto enga\u00f1oso, porque, como ocurre siempre, tras el amor a la ciudad, al municipio o a la regi\u00f3n, se esconden intereses concretos. \u00a1Qu\u00e9 dif\u00edcil es encontrar un amor desinteresado!<br \/>\n     La pugna por las sedes auton\u00f3micas tiene un complicado desarrollo en comunidades como Galicia o Extremadura, porque Santiago de Compostela o M\u00e9rida no compiten con las capitales de provincia de esas regiones. Es m\u00e1s, son capitales auton\u00f3micas para aliviar las tensiones entre localidades y provincias. Tampoco puede darse la controversia en Arag\u00f3n, Catalu\u00f1a o la Comunidad Valenciana, ya que la jerarqu\u00eda de Zaragoza, Barcelona o Valencia es una mera consecuencia de su tama\u00f1o y la potencia urbana que encierran. En el Pa\u00eds Vasco se opt\u00f3, en la Preautonom\u00eda, por Vitoria, como operaci\u00f3n el PNV para asegurar el car\u00e1cter \u201cvasquista\u201d de \u00c1lava, y fue aceptado por todos para prevenir las pol\u00e9micas entre Bilbao y San Sebasti\u00e1n. En Castilla y Le\u00f3n se hizo lo m\u00e1s l\u00f3gico, aunque los problemas est\u00e1n ah\u00ed latentes. En Navarra, Cantabria, La Rioja y Murcia no hay posible dualidad.<br \/>\n    El caso de Asturias es distinto, la capitalidad de Oviedo es inamovible, pero ese hecho hay que compatibilizarlo con la realidad de un pluralismo urbano, industrial y de servicios, indiscutible: no viajan todos los coches hacia la capital. <\/p>\n<!-- AddThis Advanced Settings generic via filter on the_content --><!-- AddThis Share Buttons generic via filter on the_content -->","protected":false},"excerpt":{"rendered":"<p>La controversia sobre las sedes del Principado ha llevado la divisi\u00f3n al interior de los partidos pol\u00edticos. Los socialistas de Gij\u00f3n y Avil\u00e9s piensan una cosa, mientras que los de Oviedo consideran acertado lo contrario. En la derecha se da un fen\u00f3meno similar: De Lorenzo y Pilar Fern\u00e1ndez Pardo mantienen posturas opuestas, pese a que [&hellip;]<!-- AddThis Advanced Settings generic via filter on get_the_excerpt --><!-- AddThis Share Buttons generic via filter on get_the_excerpt --><\/p>\n","protected":false},"author":2,"featured_media":0,"comment_status":"open","ping_status":"closed","sticky":false,"template":"","format":"standard","meta":[],"categories":[4],"tags":[],"_links":{"self":[{"href":"https:\/\/blogs.elcomercio.es\/largo_de_cafe\/wp-json\/wp\/v2\/posts\/39"}],"collection":[{"href":"https:\/\/blogs.elcomercio.es\/largo_de_cafe\/wp-json\/wp\/v2\/posts"}],"about":[{"href":"https:\/\/blogs.elcomercio.es\/largo_de_cafe\/wp-json\/wp\/v2\/types\/post"}],"author":[{"embeddable":true,"href":"https:\/\/blogs.elcomercio.es\/largo_de_cafe\/wp-json\/wp\/v2\/users\/2"}],"replies":[{"embeddable":true,"href":"https:\/\/blogs.elcomercio.es\/largo_de_cafe\/wp-json\/wp\/v2\/comments?post=39"}],"version-history":[{"count":0,"href":"https:\/\/blogs.elcomercio.es\/largo_de_cafe\/wp-json\/wp\/v2\/posts\/39\/revisions"}],"wp:attachment":[{"href":"https:\/\/blogs.elcomercio.es\/largo_de_cafe\/wp-json\/wp\/v2\/media?parent=39"}],"wp:term":[{"taxonomy":"category","embeddable":true,"href":"https:\/\/blogs.elcomercio.es\/largo_de_cafe\/wp-json\/wp\/v2\/categories?post=39"},{"taxonomy":"post_tag","embeddable":true,"href":"https:\/\/blogs.elcomercio.es\/largo_de_cafe\/wp-json\/wp\/v2\/tags?post=39"}],"curies":[{"name":"wp","href":"https:\/\/api.w.org\/{rel}","templated":true}]}}