{"id":411,"date":"2008-08-25T10:24:45","date_gmt":"2008-08-25T10:24:45","guid":{"rendered":"http:\/\/blogs.elcomercio.es\/largo_de_cafe\/?p=411"},"modified":"2008-08-25T10:24:45","modified_gmt":"2008-08-25T10:24:45","slug":"un-discurso-racional","status":"publish","type":"post","link":"https:\/\/blogs.elcomercio.es\/largo_de_cafe\/2008\/08\/25\/un-discurso-racional\/","title":{"rendered":"UN DISCURSO RACIONAL"},"content":{"rendered":"\n<p class=\"MsoNormal\" style=\"text-align: justify\">La <span> <\/span>afirmaci\u00f3n del profesor Sosa Wagner de que \u00abel caos de la financiaci\u00f3n auton\u00f3mica es reflejo del fracaso de la pol\u00edtica territorial de Zapatero\u00bb es cierta y l\u00facida. Poner de acuerdo a las comunidades aut\u00f3nomas sobre un modelo de financiaci\u00f3n no es cosa sencilla, pero ya se ha hecho en otras ocasiones, la \u00faltima de ellas hace siete a\u00f1os. Pero llegar al consenso sobre el modelo a partir de unas premisas tan disparatadas como las contenidas en varias de las reformas estatutarias es lo mismo que intentar cuadrar el c\u00edrculo. El encargo endiablado hecho por el presidente a Solbes no consiste en poner de acuerdo a las regiones sobre el peso que tiene que tener el tama\u00f1o de la poblaci\u00f3n en la valoraci\u00f3n del coste de los servicios, sino en hacer compatible la garant\u00eda de financiaci\u00f3n parcial de los servicios p\u00fablicos, incluida en el &#8216;Estatut&#8217;, con las demandas de solidaridad de otras comunidades. <\/p>\n<p class=\"MsoNormal\" style=\"text-align: justify\">\n<p class=\"MsoNormal\" style=\"text-align: justify\">Si se quer\u00eda hacer una reforma profunda de la distribuci\u00f3n territorial del poder -tarea que s\u00f3lo demandaba el Gobierno de Maragall-, lo l\u00f3gico hubiera sido empezar por la Constituci\u00f3n y luego abordar los cambios en los estatutos. Lo que result\u00f3 descabellado es empezar los cambios sin un modelo territorial prefigurado y fiarlo todo a lo que saliera de la negociaci\u00f3n del Estatuto catal\u00e1n. Los problemas a la hora de negociar la financiaci\u00f3n del nuevo modelo nacen de la contradicci\u00f3n flagrante que hay entre distintos estatutos, que tienen ya rango de ley org\u00e1nica. <\/p>\n<p class=\"MsoNormal\" style=\"text-align: justify\">\n<p class=\"MsoNormal\" style=\"text-align: justify\">Para poner orden entre tanto desconcierto, el profesor Sosa Wagner propone abrir un debate sobre la necesidad de que el Estado recupere competencias transferidas a las comunidades aut\u00f3nomas. Algo por el estilo ya han planteado algunos dirigentes del PP y Rosa D\u00edez. Si se hiciera ese cambio mejorar\u00eda la gesti\u00f3n de algunos servicios, como la Sanidad que sufre la parcelaci\u00f3n hecha con una masa de recursos humanos y materiales tan importante como la que agrupaba el Insalud. Aunque m\u00e1s importantes ser\u00edan otros cambios, como asegurar el uso del castellano a todos los niveles e impedir algunos desmanes en los planes de ense\u00f1anza. El problema es que ning\u00fan presidente auton\u00f3mico aprueba ese viaje de vuelta. Hoy d\u00eda, el dise\u00f1o territorial est\u00e1 m\u00e1s en manos de las periferias que del Estado.<\/p>\n<p class=\"MsoNormal\" style=\"text-align: justify\">\n<!-- AddThis Advanced Settings generic via filter on the_content --><!-- AddThis Share Buttons generic via filter on the_content -->","protected":false},"excerpt":{"rendered":"<p>La afirmaci\u00f3n del profesor Sosa Wagner de que \u00abel caos de la financiaci\u00f3n auton\u00f3mica es reflejo del fracaso de la pol\u00edtica territorial de Zapatero\u00bb es cierta y l\u00facida. Poner de acuerdo a las comunidades aut\u00f3nomas sobre un modelo de financiaci\u00f3n no es cosa sencilla, pero ya se ha hecho en otras ocasiones, la \u00faltima de [&hellip;]<!-- AddThis Advanced Settings generic via filter on get_the_excerpt --><!-- AddThis Share Buttons generic via filter on get_the_excerpt --><\/p>\n","protected":false},"author":2,"featured_media":0,"comment_status":"open","ping_status":"closed","sticky":false,"template":"","format":"standard","meta":[],"categories":[4],"tags":[],"_links":{"self":[{"href":"https:\/\/blogs.elcomercio.es\/largo_de_cafe\/wp-json\/wp\/v2\/posts\/411"}],"collection":[{"href":"https:\/\/blogs.elcomercio.es\/largo_de_cafe\/wp-json\/wp\/v2\/posts"}],"about":[{"href":"https:\/\/blogs.elcomercio.es\/largo_de_cafe\/wp-json\/wp\/v2\/types\/post"}],"author":[{"embeddable":true,"href":"https:\/\/blogs.elcomercio.es\/largo_de_cafe\/wp-json\/wp\/v2\/users\/2"}],"replies":[{"embeddable":true,"href":"https:\/\/blogs.elcomercio.es\/largo_de_cafe\/wp-json\/wp\/v2\/comments?post=411"}],"version-history":[{"count":0,"href":"https:\/\/blogs.elcomercio.es\/largo_de_cafe\/wp-json\/wp\/v2\/posts\/411\/revisions"}],"wp:attachment":[{"href":"https:\/\/blogs.elcomercio.es\/largo_de_cafe\/wp-json\/wp\/v2\/media?parent=411"}],"wp:term":[{"taxonomy":"category","embeddable":true,"href":"https:\/\/blogs.elcomercio.es\/largo_de_cafe\/wp-json\/wp\/v2\/categories?post=411"},{"taxonomy":"post_tag","embeddable":true,"href":"https:\/\/blogs.elcomercio.es\/largo_de_cafe\/wp-json\/wp\/v2\/tags?post=411"}],"curies":[{"name":"wp","href":"https:\/\/api.w.org\/{rel}","templated":true}]}}