{"id":42,"date":"2007-08-09T23:18:55","date_gmt":"2007-08-09T23:18:55","guid":{"rendered":"http:\/\/blogs.elcomercio.es\/largo_de_cafe\/?p=42"},"modified":"2007-08-09T23:18:55","modified_gmt":"2007-08-09T23:18:55","slug":"el-informe-avala-gijon","status":"publish","type":"post","link":"https:\/\/blogs.elcomercio.es\/largo_de_cafe\/2007\/08\/09\/el-informe-avala-gijon\/","title":{"rendered":"EL INFORME AVALA A GIJ\u00d3N"},"content":{"rendered":"<p>    Despu\u00e9s de las descalificaciones sufridas por la alcaldesa de Gij\u00f3n al pedir que la reforma del Estatuto de Autonom\u00eda contemple la posibilidad de ubicar las sedes de la Administraci\u00f3n regional por simple decreto del Principado, nos enteramos que el Consejo Consultivo, en un informe entregado al presidente Areces, defiende la misma tesis. El alto \u00f3rgano de asesoramiento del Principado juzga que la redacci\u00f3n del art\u00edculo 5 del Estatuto de Autonom\u00eda no se ajusta a la realidad asturiana, y considera que la capitalidad no conlleva la localizaci\u00f3n de todas las sedes en la ciudad de Oviedo. Seg\u00fan el Consejo Consultivo hay que distinguir entre la Presidencia, el Consejo de Gobierno y la Junta General del Principado, de obligada ubicaci\u00f3n en la capital de Asturias, y los distintos organismos, dependencias y servicios de la Administraci\u00f3n auton\u00f3mica, que pueden estar en otras ciudades de la regi\u00f3n. Paz Fern\u00e1ndez Felgueroso ped\u00eda que el cambio de sedes no necesitara ser sancionado por ley, dejando esa posibilidad en manos del Gobierno, y el Consejo Consultivo respalda esa propuesta.<br \/>\n     Lo que pervierte el debate de las sedes es la premisa de la usurpaci\u00f3n, defendida por Gabino de Lorenzo y los concejales de su grupo. Seg\u00fan los ediles ovetenses, ubicar el Instituto de la Mujer en Gij\u00f3n es rebajar un grado la capitalidad ovetense. Sin embargo, los organismos de la Administraci\u00f3n auton\u00f3mica no son un atributo de la capital. Las sedes universitarias o los equipamientos sanitarios y culturales se ubican en funci\u00f3n de las necesidades y teniendo en cuenta las disponibilidades humanas y materiales. El desarrollo de la pol\u00edtica asturiana ya ha creado esa realidad que algunos se empe\u00f1an en negar por v\u00eda legal recurriendo a plenos de ayuntamientos. Verbigracia: el Consejo Consultivo tiene su sede en Gij\u00f3n, al igual que la Direcci\u00f3n General de Pesca.<br \/>\n      La misma reacci\u00f3n animosa se dio sobre asuntos que est\u00e1n lejos de ser regulados por el Estatuto de Autonom\u00eda. Como fue, en su d\u00eda, la residencia gijonesa del obispo auxiliar, la posible sede de un jurado de los Premios Pr\u00edncipe de Asturias, en Gij\u00f3n, o el museo de los Premios Pr\u00edncipe en Avil\u00e9s. Una actitud defensiva, emocional, ajena a toda idea de servicio a la regi\u00f3n.    <\/p>\n<!-- AddThis Advanced Settings generic via filter on the_content --><!-- AddThis Share Buttons generic via filter on the_content -->","protected":false},"excerpt":{"rendered":"<p>Despu\u00e9s de las descalificaciones sufridas por la alcaldesa de Gij\u00f3n al pedir que la reforma del Estatuto de Autonom\u00eda contemple la posibilidad de ubicar las sedes de la Administraci\u00f3n regional por simple decreto del Principado, nos enteramos que el Consejo Consultivo, en un informe entregado al presidente Areces, defiende la misma tesis. El alto \u00f3rgano [&hellip;]<!-- AddThis Advanced Settings generic via filter on get_the_excerpt --><!-- AddThis Share Buttons generic via filter on get_the_excerpt --><\/p>\n","protected":false},"author":2,"featured_media":0,"comment_status":"open","ping_status":"closed","sticky":false,"template":"","format":"standard","meta":[],"categories":[4],"tags":[],"_links":{"self":[{"href":"https:\/\/blogs.elcomercio.es\/largo_de_cafe\/wp-json\/wp\/v2\/posts\/42"}],"collection":[{"href":"https:\/\/blogs.elcomercio.es\/largo_de_cafe\/wp-json\/wp\/v2\/posts"}],"about":[{"href":"https:\/\/blogs.elcomercio.es\/largo_de_cafe\/wp-json\/wp\/v2\/types\/post"}],"author":[{"embeddable":true,"href":"https:\/\/blogs.elcomercio.es\/largo_de_cafe\/wp-json\/wp\/v2\/users\/2"}],"replies":[{"embeddable":true,"href":"https:\/\/blogs.elcomercio.es\/largo_de_cafe\/wp-json\/wp\/v2\/comments?post=42"}],"version-history":[{"count":0,"href":"https:\/\/blogs.elcomercio.es\/largo_de_cafe\/wp-json\/wp\/v2\/posts\/42\/revisions"}],"wp:attachment":[{"href":"https:\/\/blogs.elcomercio.es\/largo_de_cafe\/wp-json\/wp\/v2\/media?parent=42"}],"wp:term":[{"taxonomy":"category","embeddable":true,"href":"https:\/\/blogs.elcomercio.es\/largo_de_cafe\/wp-json\/wp\/v2\/categories?post=42"},{"taxonomy":"post_tag","embeddable":true,"href":"https:\/\/blogs.elcomercio.es\/largo_de_cafe\/wp-json\/wp\/v2\/tags?post=42"}],"curies":[{"name":"wp","href":"https:\/\/api.w.org\/{rel}","templated":true}]}}