{"id":43,"date":"2007-08-10T21:51:16","date_gmt":"2007-08-10T21:51:16","guid":{"rendered":"http:\/\/blogs.elcomercio.es\/largo_de_cafe\/?p=43"},"modified":"2007-08-10T21:51:16","modified_gmt":"2007-08-10T21:51:16","slug":"hay-pp-mas-alla-oviedo","status":"publish","type":"post","link":"https:\/\/blogs.elcomercio.es\/largo_de_cafe\/2007\/08\/10\/hay-pp-mas-alla-oviedo\/","title":{"rendered":"HAY PP M\u00c1S ALL\u00c1 DE OVIEDO"},"content":{"rendered":"<p>    El portavoz del PP, Joaqu\u00edn Ar\u00e9stegui, considera que la pol\u00e9mica sobre la ubicaci\u00f3n de las sedes institucionales del Principado les sirve a los socialistas para distorsionar la reforma del Estatuto de Autonom\u00eda. La alcaldesa de Gij\u00f3n pidi\u00f3 modificar el art\u00edculo 5 del Estatuto para poder abrir sedes del Principado por distintos lugares de Asturias, sin que esa decisi\u00f3n tenga que venir respaldada por una ley. \u00bfEsta propuesta contamina el debate estatutario?<br \/>\n     No creo que la cuesti\u00f3n de las sedes del Principado sea el plato fuerte de la pr\u00f3xima reforma estatutaria. Pero hace bien Paz Fern\u00e1ndez Felgueroso en aprovechar la revisi\u00f3n de la carta auton\u00f3mica para introducir algunas modificaciones que hagan al Estatuto m\u00e1s funcional y acorde con los tiempos que corren. Por si hab\u00eda alguna duda sobre la conveniencia de cambiar el art\u00edculo 5, ah\u00ed est\u00e1 el informe del Consejo Consultivo que recomienda al Principado reformarlo, para que se aclare qu\u00e9 sedes son susceptibles de ubicar fuera de la capital, y evitar el engorroso procedimiento legal que hay que seguir en la actualidad. Le ser\u00e1 f\u00e1cil a los dos grandes partidos ponerse de acuerdo sobre ese asunto, y para ello puede ser operativo cotejar las f\u00f3rmulas que se siguen sobre las sedes institucionales en el resto de las comunidades aut\u00f3nomas. \u00bfLe interesar\u00e1 enrocarse al PP y defender que ning\u00fan servicio, dependencia u organismo aut\u00f3nomo de la Administraci\u00f3n regional pueda ubicarse en Gij\u00f3n? Dentro de la estructura de poder del PP los intereses de Oviedo pesan mucho, por algo saca mayor\u00eda absoluta en todo tipo de elecciones en la capital, pero no hasta el punto de marginar enteramente las aspiraciones de Gij\u00f3n o Avil\u00e9s. El equilibrio general que tiene que mantener el Gobierno regional entre las demandas de los municipios se reproduce dentro de los aparatos de los partidos, de modo que no puede el estado mayor del PP olvidarse de las aspiraciones de los militantes y electores de los otros concejos.<br \/>\n      Joaqu\u00edn Ar\u00e9stegui dice que los socialistas contaminan la reforma del Estatuto con la pol\u00e9mica sobre las sedes. Pero no parece que todos los socialistas tengan la misma opini\u00f3n sobre el particular. Lo ocurrido con la sede del Instituto de la Mujer demuestra que unos socialistas piensan una cosa y otros consideran acertada la tesis contraria. Sin esa disparidad de posturas no se hubiera producido la confusi\u00f3n de estar un d\u00eda preparando la mudanza y al siguiente deshaciendo las maletas. La decisi\u00f3n del Consejo de Gobierno de mantener la sede en Oviedo no puede ocultar que dentro del mismo Gobierno dos consejeras pensaban distinto. Si se observa con detenimiento, en el Partido Socialista hay las mismas posturas que en el Partido Popular, lo que ocurre es que entre los socialistas hay un mayor equilibrio entre los intereses de las distintas ciudades, mientras que en el PP la conveniencia de Oviedo tapa al resto. As\u00ed ocurri\u00f3 en la pol\u00e9mica sobre el Museo de los Premios, en que el PP avilesino qued\u00f3 a los pies de los caballos. Como bien sabe Ar\u00e9stegui.     <\/p>\n<!-- AddThis Advanced Settings generic via filter on the_content --><!-- AddThis Share Buttons generic via filter on the_content -->","protected":false},"excerpt":{"rendered":"<p>El portavoz del PP, Joaqu\u00edn Ar\u00e9stegui, considera que la pol\u00e9mica sobre la ubicaci\u00f3n de las sedes institucionales del Principado les sirve a los socialistas para distorsionar la reforma del Estatuto de Autonom\u00eda. La alcaldesa de Gij\u00f3n pidi\u00f3 modificar el art\u00edculo 5 del Estatuto para poder abrir sedes del Principado por distintos lugares de Asturias, sin [&hellip;]<!-- AddThis Advanced Settings generic via filter on get_the_excerpt --><!-- AddThis Share Buttons generic via filter on get_the_excerpt --><\/p>\n","protected":false},"author":2,"featured_media":0,"comment_status":"open","ping_status":"closed","sticky":false,"template":"","format":"standard","meta":[],"categories":[4],"tags":[],"_links":{"self":[{"href":"https:\/\/blogs.elcomercio.es\/largo_de_cafe\/wp-json\/wp\/v2\/posts\/43"}],"collection":[{"href":"https:\/\/blogs.elcomercio.es\/largo_de_cafe\/wp-json\/wp\/v2\/posts"}],"about":[{"href":"https:\/\/blogs.elcomercio.es\/largo_de_cafe\/wp-json\/wp\/v2\/types\/post"}],"author":[{"embeddable":true,"href":"https:\/\/blogs.elcomercio.es\/largo_de_cafe\/wp-json\/wp\/v2\/users\/2"}],"replies":[{"embeddable":true,"href":"https:\/\/blogs.elcomercio.es\/largo_de_cafe\/wp-json\/wp\/v2\/comments?post=43"}],"version-history":[{"count":0,"href":"https:\/\/blogs.elcomercio.es\/largo_de_cafe\/wp-json\/wp\/v2\/posts\/43\/revisions"}],"wp:attachment":[{"href":"https:\/\/blogs.elcomercio.es\/largo_de_cafe\/wp-json\/wp\/v2\/media?parent=43"}],"wp:term":[{"taxonomy":"category","embeddable":true,"href":"https:\/\/blogs.elcomercio.es\/largo_de_cafe\/wp-json\/wp\/v2\/categories?post=43"},{"taxonomy":"post_tag","embeddable":true,"href":"https:\/\/blogs.elcomercio.es\/largo_de_cafe\/wp-json\/wp\/v2\/tags?post=43"}],"curies":[{"name":"wp","href":"https:\/\/api.w.org\/{rel}","templated":true}]}}