{"id":439,"date":"2008-09-22T05:53:13","date_gmt":"2008-09-22T05:53:13","guid":{"rendered":"http:\/\/blogs.elcomercio.es\/largo_de_cafe\/?p=439"},"modified":"2008-09-22T05:53:13","modified_gmt":"2008-09-22T05:53:13","slug":"una-negociacion-diferente","status":"publish","type":"post","link":"https:\/\/blogs.elcomercio.es\/largo_de_cafe\/2008\/09\/22\/una-negociacion-diferente\/","title":{"rendered":"UNA NEGOCIACI\u00d3N DIFERENTE"},"content":{"rendered":"<p>Javier Fern\u00e1ndez ha declarado que los socialistas e IU retomar\u00e1n oficialmente las negociaciones despu\u00e9s del debate sobre el estado de la regi\u00f3n que se celebrar\u00e1 esta semana. Las intervenciones del presidente Areces y de los portavoces del PSOE e IU permitir\u00e1n ver los escollos que tendr\u00e1 que salvar la negociaci\u00f3n y el grado de cercan\u00eda que hay entre ambas fuerzas. <\/p>\n<p>Las futuras conversaciones estar\u00e1n muy influidas por lo que ha pasado al principio de legislatura cuando la negociaci\u00f3n se sald\u00f3 con un estruendoso fracaso. IU hab\u00eda encarecido el pacto durante la campa\u00f1a electoral poniendo vetos sobre algunos asuntos y elevando sus exigencias, para quedar atrapada al final en la red de las promesas y los desaf\u00edos imposibles de cumplir. Dado la escasa experiencia que hay en Asturias de pactar gobiernos de coalici\u00f3n no se puede llegar a un acuerdo a partir de una serie de reuniones de diez o doce personas en torno a una mesa. El pacto de la Constituci\u00f3n fue cosa de Abril Martorell y Alfonso Guerra, aunque al pie del acuerdo hubiera muchas m\u00e1s firmas. La negociaci\u00f3n va a ser m\u00e1s r\u00e1pida que en la anterior ocasi\u00f3n, con menos interlocutores y sin \u00f3rdagos de cara al p\u00fablico. <\/p>\n<p>IU no quiere estar al frente de la consejer\u00eda de Justicia, como en la anterior legislatura, y no es descabellada esa demanda. Los dirigentes de IU renuncian tambi\u00e9n a ocupar la consejer\u00eda de Medio Ambiente, en un acto de inteligencia para evitar el choque frontal en asuntos como la incineradora de Ser\u00edn y el embalse de Caleao, a los que se oponen frontalmente. La Consejer\u00eda de Bienestar Social, en la que realiz\u00f3 un excelente trabajo Laura Gonz\u00e1lez, es una de las aspiraciones de IU. El otro departamento que ambicionan es el de Sanidad, aunque no va a ser f\u00e1cil para el PSOE ceder esa consejer\u00eda. No obstante, la mayor dificultad para el acuerdo no est\u00e1 en el reparto de consejer\u00edas ni en el programa de gobierno (en esto \u00faltimo nunca estuvo), sino en la cohesi\u00f3n de IU. La jerarqu\u00eda de Javier Fern\u00e1ndez en el grupo socialista les permite actuar con una sola voz, mientras que en IU hay un conjunto de matices, cuando no de abiertas discrepancias. Pactar un gobierno no es un paso f\u00e1cil y mucho menos cuando hay que estar m\u00e1s pendiente de las reacciones internas que de la respuesta de la sociedad.    <\/p>\n<!-- AddThis Advanced Settings generic via filter on the_content --><!-- AddThis Share Buttons generic via filter on the_content -->","protected":false},"excerpt":{"rendered":"<p>Javier Fern\u00e1ndez ha declarado que los socialistas e IU retomar\u00e1n oficialmente las negociaciones despu\u00e9s del debate sobre el estado de la regi\u00f3n que se celebrar\u00e1 esta semana. Las intervenciones del presidente Areces y de los portavoces del PSOE e IU permitir\u00e1n ver los escollos que tendr\u00e1 que salvar la negociaci\u00f3n y el grado de cercan\u00eda [&hellip;]<!-- AddThis Advanced Settings generic via filter on get_the_excerpt --><!-- AddThis Share Buttons generic via filter on get_the_excerpt --><\/p>\n","protected":false},"author":2,"featured_media":0,"comment_status":"open","ping_status":"closed","sticky":false,"template":"","format":"standard","meta":[],"categories":[4],"tags":[],"_links":{"self":[{"href":"https:\/\/blogs.elcomercio.es\/largo_de_cafe\/wp-json\/wp\/v2\/posts\/439"}],"collection":[{"href":"https:\/\/blogs.elcomercio.es\/largo_de_cafe\/wp-json\/wp\/v2\/posts"}],"about":[{"href":"https:\/\/blogs.elcomercio.es\/largo_de_cafe\/wp-json\/wp\/v2\/types\/post"}],"author":[{"embeddable":true,"href":"https:\/\/blogs.elcomercio.es\/largo_de_cafe\/wp-json\/wp\/v2\/users\/2"}],"replies":[{"embeddable":true,"href":"https:\/\/blogs.elcomercio.es\/largo_de_cafe\/wp-json\/wp\/v2\/comments?post=439"}],"version-history":[{"count":0,"href":"https:\/\/blogs.elcomercio.es\/largo_de_cafe\/wp-json\/wp\/v2\/posts\/439\/revisions"}],"wp:attachment":[{"href":"https:\/\/blogs.elcomercio.es\/largo_de_cafe\/wp-json\/wp\/v2\/media?parent=439"}],"wp:term":[{"taxonomy":"category","embeddable":true,"href":"https:\/\/blogs.elcomercio.es\/largo_de_cafe\/wp-json\/wp\/v2\/categories?post=439"},{"taxonomy":"post_tag","embeddable":true,"href":"https:\/\/blogs.elcomercio.es\/largo_de_cafe\/wp-json\/wp\/v2\/tags?post=439"}],"curies":[{"name":"wp","href":"https:\/\/api.w.org\/{rel}","templated":true}]}}