{"id":44,"date":"2007-08-12T01:40:25","date_gmt":"2007-08-12T01:40:25","guid":{"rendered":"http:\/\/blogs.elcomercio.es\/largo_de_cafe\/?p=44"},"modified":"2007-08-12T01:40:25","modified_gmt":"2007-08-12T01:40:25","slug":"dispara-y-te-olvidas","status":"publish","type":"post","link":"https:\/\/blogs.elcomercio.es\/largo_de_cafe\/2007\/08\/12\/dispara-y-te-olvidas\/","title":{"rendered":"\u201cDISPARA Y TE OLVIDAS\u201d"},"content":{"rendered":"<p><strong>El Principado tiene que mover pieza ante el traslado de la f\u00e1brica de armas de La Vega<\/strong><br \/>\n     Al a\u00f1o 2007 se le puso la etiqueta de \u201ca\u00f1o electoral\u201d. El 27 de mayo se renov\u00f3 la composici\u00f3n de las corporaciones municipales y las c\u00e1maras auton\u00f3micas, y en oto\u00f1o podr\u00eda darse otra convocatoria a las urnas, anticipando unos meses el fin de la legislatura nacional. La oposici\u00f3n (PP) mantuvo todo el tiempo abierta la duda sobre la fecha de los comicios y Zapatero siempre declar\u00f3 que quer\u00eda agotar la legislatura, con cita a las urnas en marzo de 2008. Al igual que hizo Aznar en sus dos mandatos.<br \/>\n    Ahora ya sabemos que la legislatura no se va a acortar, porque el Gobierno central necesita apaciguar las iras de los catalanes, v\u00edctimas de su propio autogobierno, incapaz de inspeccionar las empresas el\u00e9ctricas que dan servicio en su territorio, y con tanto cambio de planes municipales sobre la entrada del AVE en Barcelona que la tardanza en la llegada del tren de Alta Velocidad ha colapsado la red de trenes de cercan\u00edas. En Catalu\u00f1a le saca el PSOE quince diputados al PP, y en toda Espa\u00f1a, diecis\u00e9is. A la luz de estos datos se entienden las concesiones sobre el \u201cEstatut\u201d y el dise\u00f1o confederal sobre el que se asienta el modelo territorial de Zapatero. Por eso no se va a adelantar la llamada a las urnas.<br \/>\n     Aunque los comicios generales se celebren dos o tres meses despu\u00e9s de finalizar el 2007, la etiqueta de \u201ca\u00f1o electoral\u201d resulta ajustada, porque es la primera vez que hay elecciones generales, auton\u00f3micas y municipales en menos de diez meses. La confusi\u00f3n sobre los a\u00f1os electorales reside en que toda la atenci\u00f3n est\u00e1 puesta en las encuestas y las declaraciones rotundas de los candidatos, pero la vida sigue, porque la cercan\u00eda de las elecciones no puede detener todos los procesos. Verbigracia. En Asturias, el debate est\u00e1 montado sobre la inestabilidad parlamentaria, tras la ruptura del PSOE e IU, y en el bronco curso pol\u00edtico a que estamos abocados. La lucha entre el Gobierno de \u00c1lvarez Areces y la oposici\u00f3n va a ser el anticipo del cruce de acusaciones de Zapatero y Rajoy. Mucha pol\u00edtica, mucha pose, mucha declaraci\u00f3n grandilocuente, pero tambi\u00e9n ocurren otras cosas.<br \/>\n      No hace dos meses que el presidente Areces obtuvo la investidura y ya saltaron dos problemas industriales que precisan soluci\u00f3n. El conocido asunto del sector naval, con la propuesta de Factor\u00eda Juliana de construir un nuevo astillero en El Musel, una vez que se absorba la mano de obra de Naval Gij\u00f3n, en el caso de que este \u00faltimo astillero no encuentre un comprador, y el problema de la F\u00e1brica de Armas de La Vega, en Oviedo, que quiere trasladar el empresario a Trubia, localidad en la periferia del municipio, para compartir solar con las producciones de armas que se realizan en la hist\u00f3rica F\u00e1brica de Ca\u00f1ones de Trubia.<br \/>\n     Hay algunas curiosas semejanzas entre ambos asuntos. Tanto en los barcos de la bah\u00eda gijonesa como en las armas de Oviedo toda la atenci\u00f3n est\u00e1 puesta en los enormes solares sobre los que est\u00e1n asentados, cuando deber\u00eda estar en la producci\u00f3n de armas y barcos. En ambos expedientes la central sindical, UGT, tiene un papel muy destacado, en un caso proponiendo el traslado del astillero y en el otro pidiendo garant\u00edas para fabricar armas en otro lugar.<br \/>\n     Como la cuesti\u00f3n de los astilleros es m\u00e1s conocida, entremos a analizar la fabricaci\u00f3n de armamentos. La F\u00e1brica de Armas de La Vega y la F\u00e1brica de Ca\u00f1ones de Trubia formaban parte de la empresa estatal Santa B\u00e1rbara, integrada en el INI. Durante el mandato de Aznar, el propietario pas\u00f3 a ser la Sociedad Estatal de Participaciones Industriales (Sepi), conocido instrumento societario creado para maquillar el balance de las empresas p\u00fablicas como paso obligado para entregarlas a manos privadas. Cuando salieron a concurso p\u00fablico, las factor\u00edas de Santa B\u00e1rbara fueron adjudicadas a la empresa norteamericana, General Dynamic.<br \/>\n    A\u00f1os m\u00e1s tarde, el Tribunal de Cuentas realiz\u00f3 un dictamen en el que consta que la empresa norteamericana no cumpli\u00f3 los compromisos adquiridos en la privatizaci\u00f3n, estando pendiente la realizaci\u00f3n de inversiones. En ese contexto se conjetura sobre el traslado de la factor\u00eda a Trubia, aprovechando que all\u00ed la empresa tiene otras producciones de armas. La concentraci\u00f3n industrial tiene una buena cobertura en la sociedad, porque es habitual hablar de sinergias, ahorro de costes, etc\u00e9tera. En este caso no hay nada de eso. En Trubia se produce armamento cl\u00e1sico, con trabajo de calderer\u00eda para barcazas de carros de combate, mientras que en La Vega se fabrican armas de alta tecnolog\u00eda, con muchas certificaciones y procesos de alta precisi\u00f3n.<br \/>\n     Se quiere trasladar la f\u00e1brica de La Vega a Trubia sin hablar de inversiones y sin aclarar qu\u00e9 se va a hacer con la mano de obra excedente. Sin plan industrial y sin plan laboral. \u00bfCon qu\u00e9 dinero se van a financiar las prejubilaciones? No olvidemos que para la mente de un empresario norteamericano, hablar de prejubilaciones, de pagar a los obreros para mandarlos a casa en edad de trabajar, roza el absurdo.<br \/>\n    La factor\u00eda de Oviedo, junto a las de La Coru\u00f1a y de Granada, del grupo Santa B\u00e1rbara, estaban interesadas en el proyecto \u201cSpike\u201d, un misil anticarro que pesa 26 kilos y se puede lanzar a cuatro kil\u00f3metros de distancia. En la jerga b\u00e9lica se le conoce como \u201cdispara y te olvidas\u201d. Un proyecto para hacer 2.600 unidades y con 960.000 horas de carga de trabajo. En Galicia, con apoyo de la Xunta, se han movido para mejorar la ubicaci\u00f3n de la planta de La Coru\u00f1a. La f\u00e1brica de La Vega quedar\u00eda en una posici\u00f3n marginal, y si se traslada a Trubia sin plan industrial, estar\u00eda fuera de cualquier producci\u00f3n relacionada con misiles, en una coyuntura caracterizada por el auge de la demanda internacional.<br \/>\n     La Sepi y la Consejer\u00eda de Industria tienen mucho que decir, porque los terrenos de la Vega, de incalculable valor a un kil\u00f3metro de la calle Ur\u00eda de Oviedo, son del Ministerio de Defensa, y el Ministerio de Defensa es el principal cliente de General Dynamic. Por otra parte, las potenciales plusval\u00edas urban\u00edsticas del suelo de La Vega tendr\u00edan como destino el Estado. Un juego muy complicado pero en el que los poderes p\u00fablicos tienen muchas bazas. Ahora falta que quieran jugarlas, que as\u00ed tambi\u00e9n se ganan votos.                   <\/p>\n<!-- AddThis Advanced Settings generic via filter on the_content --><!-- AddThis Share Buttons generic via filter on the_content -->","protected":false},"excerpt":{"rendered":"<p>El Principado tiene que mover pieza ante el traslado de la f\u00e1brica de armas de La Vega Al a\u00f1o 2007 se le puso la etiqueta de \u201ca\u00f1o electoral\u201d. El 27 de mayo se renov\u00f3 la composici\u00f3n de las corporaciones municipales y las c\u00e1maras auton\u00f3micas, y en oto\u00f1o podr\u00eda darse otra convocatoria a las urnas, anticipando [&hellip;]<!-- AddThis Advanced Settings generic via filter on get_the_excerpt --><!-- AddThis Share Buttons generic via filter on get_the_excerpt --><\/p>\n","protected":false},"author":2,"featured_media":0,"comment_status":"open","ping_status":"closed","sticky":false,"template":"","format":"standard","meta":[],"categories":[4],"tags":[],"_links":{"self":[{"href":"https:\/\/blogs.elcomercio.es\/largo_de_cafe\/wp-json\/wp\/v2\/posts\/44"}],"collection":[{"href":"https:\/\/blogs.elcomercio.es\/largo_de_cafe\/wp-json\/wp\/v2\/posts"}],"about":[{"href":"https:\/\/blogs.elcomercio.es\/largo_de_cafe\/wp-json\/wp\/v2\/types\/post"}],"author":[{"embeddable":true,"href":"https:\/\/blogs.elcomercio.es\/largo_de_cafe\/wp-json\/wp\/v2\/users\/2"}],"replies":[{"embeddable":true,"href":"https:\/\/blogs.elcomercio.es\/largo_de_cafe\/wp-json\/wp\/v2\/comments?post=44"}],"version-history":[{"count":0,"href":"https:\/\/blogs.elcomercio.es\/largo_de_cafe\/wp-json\/wp\/v2\/posts\/44\/revisions"}],"wp:attachment":[{"href":"https:\/\/blogs.elcomercio.es\/largo_de_cafe\/wp-json\/wp\/v2\/media?parent=44"}],"wp:term":[{"taxonomy":"category","embeddable":true,"href":"https:\/\/blogs.elcomercio.es\/largo_de_cafe\/wp-json\/wp\/v2\/categories?post=44"},{"taxonomy":"post_tag","embeddable":true,"href":"https:\/\/blogs.elcomercio.es\/largo_de_cafe\/wp-json\/wp\/v2\/tags?post=44"}],"curies":[{"name":"wp","href":"https:\/\/api.w.org\/{rel}","templated":true}]}}