{"id":4853,"date":"2018-04-09T19:10:57","date_gmt":"2018-04-09T17:10:57","guid":{"rendered":"http:\/\/blogs.elcomercio.es\/largo_de_cafe\/?p=4853"},"modified":"2018-04-09T19:10:57","modified_gmt":"2018-04-09T17:10:57","slug":"convencion-master-y-encuestas","status":"publish","type":"post","link":"https:\/\/blogs.elcomercio.es\/largo_de_cafe\/2018\/04\/09\/convencion-master-y-encuestas\/","title":{"rendered":"CONVENCI\u00d3N, M\u00c1STER Y ENCUESTAS"},"content":{"rendered":"<div class=\"clear\">\n<div id=\"testArtCol_a\" class=\"art-layout-a\">\n<p>La convenci\u00f3n del PP se plante\u00f3 bajo una doble dimensi\u00f3n: acto propagand\u00edstico destinado a todos los espa\u00f1oles y reactivaci\u00f3n militante del partido. Situada en el calendario un a\u00f1o antes de las elecciones auton\u00f3micas, municipales y europeas, se trataba con la cita de Sevilla de iniciar la precampa\u00f1a con criterios unificados, consignas aprendidas y elevada moral. El hombre propone y Dios dispone. Ni Rajoy ni Dolores de Cospedal ni la pl\u00e9yade de fontaneros de la Moncloa y G\u00e9nova pod\u00edan imaginar que un oscuro profesor universitario le iba a pasar a un diario digital la prueba de la obtenci\u00f3n fraudulenta de un m\u00e1ster universitario por Cristina Cifuentes. La absurda peripecia de la presidenta madrile\u00f1a ha polarizado la pol\u00edtica espa\u00f1ola, y la direcci\u00f3n del PP, como hacen siempre los \u00f3rganos directivos de las organizaciones, ha preferido ponerse del lado de la compa\u00f1era del partido antes que del lado de la verdad. El caso Cifuentes no ha quedado agotado. Al contrario, amenaza con ser un elemento permanente de erosi\u00f3n del PP mientras permanezca en el cargo.<\/p>\n<p>De un d\u00eda para otro, Cifuentes pas\u00f3 de ser uno de los principales activos del Partido Popular a convertirse en la m\u00e1s pesada carga. Solo hay un asunto en la agenda pol\u00edtica que le preocupa m\u00e1s a Rajoy que el desaf\u00edo independentista catal\u00e1n, y ese asunto no es otro que las expectativas electorales de Ciudadanos, una fuerza emergente que se ha ganado el favor del electorado catal\u00e1n y ahora se convierte en principal candidata a ganar las pr\u00f3ximas elecciones generales.<\/p>\n<\/div>\n<div id=\"testArtCol_b\" class=\"art-layout-b\">\n<p>Unas horas antes de terminar la convenci\u00f3n, la \u00faltima encuesta sobre intenci\u00f3n de voto de los espa\u00f1oles situaba al partido de Albert Rivera ocho puntos porcentuales por encima del PP, que solo distanciaba a los socialistas en poco m\u00e1s de un punto y en algo m\u00e1s de dos a Podemos. Cerrar la convenci\u00f3n mientras los cuadros del partido analizan las inquietantes encuestas es como para cortarse las venas. La portavoz de la delegaci\u00f3n asturiana en la cita sevillana, Mercedes Fern\u00e1ndez, pidi\u00f3 al Gobierno que diera un impulso a la l\u00ednea de alta velocidad para acelerar la llegada del AVE.<\/p>\n<p>Tras reconocer que la orograf\u00eda asturiana dificulta su construcci\u00f3n y la escasez de recursos presupuestarios derivada de la crisis econ\u00f3mica, asegur\u00f3 que nuestra regi\u00f3n debe completar sus comunicaciones. Sin duda, es la principal actuaci\u00f3n del Gobierno pendiente de finalizar en Asturias. Esperemos que el ministro De la Serna recoja el guante.<\/p>\n<\/div>\n<\/div>\n<!-- AddThis Advanced Settings generic via filter on the_content --><!-- AddThis Share Buttons generic via filter on the_content -->","protected":false},"excerpt":{"rendered":"<p>La convenci\u00f3n del PP se plante\u00f3 bajo una doble dimensi\u00f3n: acto propagand\u00edstico destinado a todos los espa\u00f1oles y reactivaci\u00f3n militante del partido. Situada en el calendario un a\u00f1o antes de las elecciones auton\u00f3micas, municipales y europeas, se trataba con la cita de Sevilla de iniciar la precampa\u00f1a con criterios unificados, consignas aprendidas y elevada moral. [&hellip;]<!-- AddThis Advanced Settings generic via filter on get_the_excerpt --><!-- AddThis Share Buttons generic via filter on get_the_excerpt --><\/p>\n","protected":false},"author":2,"featured_media":0,"comment_status":"open","ping_status":"open","sticky":false,"template":"","format":"standard","meta":[],"categories":[1],"tags":[],"_links":{"self":[{"href":"https:\/\/blogs.elcomercio.es\/largo_de_cafe\/wp-json\/wp\/v2\/posts\/4853"}],"collection":[{"href":"https:\/\/blogs.elcomercio.es\/largo_de_cafe\/wp-json\/wp\/v2\/posts"}],"about":[{"href":"https:\/\/blogs.elcomercio.es\/largo_de_cafe\/wp-json\/wp\/v2\/types\/post"}],"author":[{"embeddable":true,"href":"https:\/\/blogs.elcomercio.es\/largo_de_cafe\/wp-json\/wp\/v2\/users\/2"}],"replies":[{"embeddable":true,"href":"https:\/\/blogs.elcomercio.es\/largo_de_cafe\/wp-json\/wp\/v2\/comments?post=4853"}],"version-history":[{"count":1,"href":"https:\/\/blogs.elcomercio.es\/largo_de_cafe\/wp-json\/wp\/v2\/posts\/4853\/revisions"}],"predecessor-version":[{"id":4854,"href":"https:\/\/blogs.elcomercio.es\/largo_de_cafe\/wp-json\/wp\/v2\/posts\/4853\/revisions\/4854"}],"wp:attachment":[{"href":"https:\/\/blogs.elcomercio.es\/largo_de_cafe\/wp-json\/wp\/v2\/media?parent=4853"}],"wp:term":[{"taxonomy":"category","embeddable":true,"href":"https:\/\/blogs.elcomercio.es\/largo_de_cafe\/wp-json\/wp\/v2\/categories?post=4853"},{"taxonomy":"post_tag","embeddable":true,"href":"https:\/\/blogs.elcomercio.es\/largo_de_cafe\/wp-json\/wp\/v2\/tags?post=4853"}],"curies":[{"name":"wp","href":"https:\/\/api.w.org\/{rel}","templated":true}]}}