{"id":4885,"date":"2018-04-25T22:55:16","date_gmt":"2018-04-25T20:55:16","guid":{"rendered":"http:\/\/blogs.elcomercio.es\/largo_de_cafe\/?p=4885"},"modified":"2018-04-25T23:20:32","modified_gmt":"2018-04-25T21:20:32","slug":"ingenuas-e-inexpertas","status":"publish","type":"post","link":"https:\/\/blogs.elcomercio.es\/largo_de_cafe\/2018\/04\/25\/ingenuas-e-inexpertas\/","title":{"rendered":"INGENUAS Y EXPERTAS"},"content":{"rendered":"<div class=\"clear\">\n<div id=\"testArtCol_a\" class=\"art-layout-a\">\n<p>Gimena Llamedo, secretaria de Organizaci\u00f3n de la FSA, ha admitido que las primarias se han adelantado por las tensiones internas en el partido, con un sector cr\u00edtico que aspira a recuperar el terreno perdido en el congreso regional. Con la anticipaci\u00f3n de las primarias para elegir candidato a la Presidencia del Principado buscan los actuales dirigentes del socialismo asturiano revalidar el triunfo del congreso y dar por zanjada la temporada de test internos.<\/p>\n<\/div>\n<div id=\"testArtCol_b\" class=\"art-layout-b\">\n<p>En la FSA, junto al cambio de dirigentes y la implantaci\u00f3n de una nueva l\u00ednea pol\u00edtica que califican de giro a la izquierda, se ha producido tambi\u00e9n un relevo generacional. Hay que ser nuevo en la tarea y conservar todav\u00eda una cierta dosis de ingenuidad para reconocer que el cambio de fechas en las primarias es una respuesta al guirigay interno y al \u00abruido medi\u00e1tico\u00bb, como ha declarado Gimena Llamedo. El libro de estilo aconseja decir que las primarias en junio eran una posibilidad como otra cualquiera y que se inclinaron por esa fecha para poder planificar con tiempo la precampa\u00f1a electoral. En cambio, la n\u00famero dos de la FSA prefiri\u00f3 decir la verdad y reconocer que est\u00e1n hartos del cuestionamiento interno. A los pocos meses de obtener una mayor\u00eda abrumadora en el congreso de la FSA, no procede dar carta de naturaleza a las maniobras del sector que est\u00e1 en minor\u00eda. Los mensajes deben ir orientados hacia la sociedad. Los \u2018sanchistas\u2019 mandan en el PSOE asturiano, tienen una direcci\u00f3n del partido monocolor, y cuando se tiene tanto poder en la mano es para marcar el ritmo de los debates, sin ceder la iniciativa a los dem\u00e1s. Cuando tengan m\u00e1s experiencia actuar\u00e1n de otra manera.<\/p>\n<p>Mercedes Fern\u00e1ndez aprovech\u00f3 la ocasi\u00f3n para calificar de \u00abchapucerillo\u00bb el proceso interno de los socialistas. Cherines tiene muchas horas de vuelo, por eso no se averg\u00fcenza de descalificar a los que ceden la palabra a los militantes para elegir a los candidatos electorales. Ella preside el \u00fanico partido asturiano que recurre al sistema del dedazo para nominar a los aspirantes a diputados. Con el dedazo margina a Caunedo o pone patas arriba a la organizaci\u00f3n del partido en Avil\u00e9s. En el PP, los militantes se limitan a esperar lo que depare la br\u00fajula del dedazo. Dentro de unos meses, el dedazo de Cospedal pondr\u00e1 a Cherines al frente de la lista electoral, d\u00e1ndole la oportunidad de obtener el r\u00e9cord de perder por sexta vez consecutiva unas elecciones auton\u00f3micas o municipales en Asturias. No todos gozaron de ese privilegio.<\/p>\n<\/div>\n<\/div>\n<!-- AddThis Advanced Settings generic via filter on the_content --><!-- AddThis Share Buttons generic via filter on the_content -->","protected":false},"excerpt":{"rendered":"<p>Gimena Llamedo, secretaria de Organizaci\u00f3n de la FSA, ha admitido que las primarias se han adelantado por las tensiones internas en el partido, con un sector cr\u00edtico que aspira a recuperar el terreno perdido en el congreso regional. Con la anticipaci\u00f3n de las primarias para elegir candidato a la Presidencia del Principado buscan los actuales [&hellip;]<!-- AddThis Advanced Settings generic via filter on get_the_excerpt --><!-- AddThis Share Buttons generic via filter on get_the_excerpt --><\/p>\n","protected":false},"author":2,"featured_media":0,"comment_status":"open","ping_status":"open","sticky":false,"template":"","format":"standard","meta":[],"categories":[1],"tags":[],"_links":{"self":[{"href":"https:\/\/blogs.elcomercio.es\/largo_de_cafe\/wp-json\/wp\/v2\/posts\/4885"}],"collection":[{"href":"https:\/\/blogs.elcomercio.es\/largo_de_cafe\/wp-json\/wp\/v2\/posts"}],"about":[{"href":"https:\/\/blogs.elcomercio.es\/largo_de_cafe\/wp-json\/wp\/v2\/types\/post"}],"author":[{"embeddable":true,"href":"https:\/\/blogs.elcomercio.es\/largo_de_cafe\/wp-json\/wp\/v2\/users\/2"}],"replies":[{"embeddable":true,"href":"https:\/\/blogs.elcomercio.es\/largo_de_cafe\/wp-json\/wp\/v2\/comments?post=4885"}],"version-history":[{"count":2,"href":"https:\/\/blogs.elcomercio.es\/largo_de_cafe\/wp-json\/wp\/v2\/posts\/4885\/revisions"}],"predecessor-version":[{"id":4887,"href":"https:\/\/blogs.elcomercio.es\/largo_de_cafe\/wp-json\/wp\/v2\/posts\/4885\/revisions\/4887"}],"wp:attachment":[{"href":"https:\/\/blogs.elcomercio.es\/largo_de_cafe\/wp-json\/wp\/v2\/media?parent=4885"}],"wp:term":[{"taxonomy":"category","embeddable":true,"href":"https:\/\/blogs.elcomercio.es\/largo_de_cafe\/wp-json\/wp\/v2\/categories?post=4885"},{"taxonomy":"post_tag","embeddable":true,"href":"https:\/\/blogs.elcomercio.es\/largo_de_cafe\/wp-json\/wp\/v2\/tags?post=4885"}],"curies":[{"name":"wp","href":"https:\/\/api.w.org\/{rel}","templated":true}]}}