{"id":5280,"date":"2018-10-14T20:56:20","date_gmt":"2018-10-14T18:56:20","guid":{"rendered":"https:\/\/blogs.elcomercio.es\/largo_de_cafe\/?p=5280"},"modified":"2018-10-14T20:56:20","modified_gmt":"2018-10-14T18:56:20","slug":"el-resurgir-de-la-extrema-derecha","status":"publish","type":"post","link":"https:\/\/blogs.elcomercio.es\/largo_de_cafe\/2018\/10\/14\/el-resurgir-de-la-extrema-derecha\/","title":{"rendered":"EL RESURGIR DE LA EXTREMA DERECHA"},"content":{"rendered":"<div id=\"testArtCol_a\" class=\"art-layout-a\">\n<p>La primera certeza del curso electoral que nos espera es la convocatoria a las urnas en Andaluc\u00eda el 2 de diciembre. El resultado de esos comicios influir\u00e1 en los posteriores acontecimientos. Veinticuatro horas antes de que Susana D\u00edaz desvelara sus intenciones, ten\u00eda lugar el primer acto preelectoral de masas, con Vox de protagonista, en el palacio Vistalegre de la capital.<\/p>\n<p><span id=\"artObjectWrap\" class=\"art-object art-mainimage\"><\/span>El lugar escogido para hacer la demostraci\u00f3n de fuerza estaba cargado de simbolismo, ya que es el escenario donde Podemos celebr\u00f3 sus dos asambleas (congresos). Acudieron 10.000 personas a la cita de Vox, lo que fue interpretado por todos los observadores como la puesta de largo de la extrema derecha en Espa\u00f1a.<\/p>\n<p>Los tres grupos de la izquierda (PSOE, Podemos, IU) han recibido la noticia con una mezcla de extra\u00f1eza y rechazo, mientras el centro-derecha (PP y Ciudadanos) tiene razones espec\u00edficas para estar preocupado por la competencia directa en el reparto de esca\u00f1os.<\/p>\n<p>No puede extra\u00f1ar el desenfoque de los pol\u00edticos ante la aparici\u00f3n de Vox, porque en t\u00e9rmino generales el an\u00e1lisis sobre la derecha en Espa\u00f1a est\u00e1 cargado de prejuicios.<\/p>\n<p>Cuando Pablo Casado gan\u00f3 el congreso del PP, Pablo Echenique dijo que Espa\u00f1a era el \u00fanico pa\u00eds que ten\u00eda tres partidos de extrema derecha: Ciudadanos, PP y Vox. Si fuera cierto lo que afirmaba el siempre preclaro portavoz de Podemos, Espa\u00f1a ser\u00eda una excepci\u00f3n en el mundo democr\u00e1tico: mucha extrema derecha y ninguna derecha convencional o moderada. Un mapa absurdo que s\u00f3lo existe en la mente de Echenique.<\/p>\n<p>Gracias a la doble vara de medir, si alguien habla de la patria o agita la bandera nacional, es tachado de fascista, mientras que si hace lo contrario es visto como un dem\u00f3crata crispado, susceptible de sosegarse por la v\u00eda del di\u00e1logo.<\/p>\n<p>Para objetivar el fen\u00f3meno de la extrema derecha es oportuno recordar que est\u00e1 presente en 17 de los parlamentos europeos y participa en los gobiernos \u2013o tiene acuerdos con ellos\u2013, de Austria, B\u00e9lgica, Finlandia, Dinamarca, Hungr\u00eda, Polonia y Letonia. Podemos concluir que la inexistencia de la extrema derecha, a nivel institucional, es una particularidad del sistema pol\u00edtico espa\u00f1ol.<\/p>\n<p><strong>Fraga<\/strong><\/p>\n<p>No siempre fue as\u00ed. Nada m\u00e1s aprobarse la Constituci\u00f3n, en las elecciones generales del 1 de marzo de 1979, la candidatura de Unidad Nacional, liderada por Blas Pi\u00f1ar, recibi\u00f3 378.000 votos, logrando un esca\u00f1o. Muchos m\u00e1s votos que los sacados por el PNV, que obtuvo siete esca\u00f1os, y m\u00e1s del doble de los sufragios recibidos por Herri Batasuna, que logr\u00f3 tres diputados.<\/p>\n<\/div>\n<div id=\"testArtCol_b\" class=\"art-layout-b\">\n<p>\u00bfPor qu\u00e9 desapareci\u00f3 la extrema derecha de las instituciones espa\u00f1olas, cuando en pa\u00edses tan cultos, finos y humanistas como Finlandia, Dinamarca, Francia u Holanda, forma parte del paisaje pol\u00edtico cotidiano?<\/p>\n<p>S\u00f3lo hay una raz\u00f3n y se llama Fraga Iribarne. El primer ministro del Interior de la Monarqu\u00eda es el responsable de que a la derecha espa\u00f1ola no se le haya desgajado del tronco una rama radical.<\/p>\n<p>Fraga era un acendrado conservador, reconocible por sus discursos y ademanes, pero a la vez era un hombre muy le\u00eddo y viajado, sabedor de que la democracia en Espa\u00f1a no ten\u00eda alternativa.<\/p>\n<p>Lo votaba la gente de la derecha m\u00e1s autoritaria y aquellos otros pragm\u00e1ticos que ve\u00edan en su partido la \u00fanica alternativa al PSOE. Pero lo importante es que con su estilo cl\u00e1sico, fiel a los principios, pilot\u00f3 la transici\u00f3n desde los 16 esca\u00f1os de Alianza Popular \u201315 de junio de 1977\u2013 hasta ser alternativa de gobierno, sin que le brotara una alternativa a su derecha.<\/p>\n<p><strong>Rajoy<\/strong><\/p>\n<p>\u00bfPor qu\u00e9, ahora, emerge Vox con fuerza? La respuesta tambi\u00e9n es sencilla: por la calamitosa gesti\u00f3n de Mariano Rajoy y Soraya S\u00e1enz de Santamar\u00eda en la crisis catalana. La inanidad del Gobierno del PP, dejando la defensa del Estado, exclusivamente, en manos de jueces y fiscales; el fracaso ante el refer\u00e9ndum ilegal: tras haber declarado repetidamente que no habr\u00eda urnas, se encontraron con m\u00e1s de mil en las mesas; y la forma timorata de aplicar el art\u00edculo 155 de la Constituci\u00f3n, convirti\u00e9ndolo en un simple veh\u00edculo para convocar elecciones, han hecho que un sector de la sociedad se sienta decepcionado y preste o\u00eddos a Vox. La extrema derecha crece cuando la derecha no responde a las necesidades del electorado conservador.<\/p>\n<p>La suerte de Vox est\u00e1 ligada al curso que siga la crisis catalana. Si se rebaja la tensi\u00f3n y se alcanza alguna forma de acuerdo, Vox se quedar\u00e1 sin el principal argumento. Si la locura del \u2018proc\u00e9s\u2019 ahonda en el disparate, Vox tendr\u00e1 cada vez mayor predicamento. Si en otros pa\u00edses europeos, la inmigraci\u00f3n despierta un reflejo defensivo que propicia el voto a la extrema derecha, en nuestro pa\u00eds, el cuestionamiento de la unidad de Espa\u00f1a es el gran argumento para buscar amparo m\u00e1s all\u00e1 del PP.<\/p>\n<p>En la actual coyuntura, Vox ha encontrado un parad\u00f3jico socio que le ayuda a crecer: la obsesi\u00f3n de la izquierda gobernante o cogobernante (Podemos, IU) por hurgar en la herida de la guerra civil que hab\u00eda cicatrizado con la pol\u00edtica de la reconciliaci\u00f3n nacional.<\/p>\n<p>Abrir la tumba de Franco y organizar un recorrido itinerante con sus restos, cuya primera estaci\u00f3n es la Almudena, s\u00f3lo servir\u00e1 para que el partido de Santiago Abascal tenga m\u00e1s adeptos.<\/p>\n<\/div>\n<!-- AddThis Advanced Settings generic via filter on the_content --><!-- AddThis Share Buttons generic via filter on the_content -->","protected":false},"excerpt":{"rendered":"<p>La primera certeza del curso electoral que nos espera es la convocatoria a las urnas en Andaluc\u00eda el 2 de diciembre. El resultado de esos comicios influir\u00e1 en los posteriores acontecimientos. Veinticuatro horas antes de que Susana D\u00edaz desvelara sus intenciones, ten\u00eda lugar el primer acto preelectoral de masas, con Vox de protagonista, en el [&hellip;]<!-- AddThis Advanced Settings generic via filter on get_the_excerpt --><!-- AddThis Share Buttons generic via filter on get_the_excerpt --><\/p>\n","protected":false},"author":2,"featured_media":0,"comment_status":"open","ping_status":"open","sticky":false,"template":"","format":"standard","meta":[],"categories":[1],"tags":[],"_links":{"self":[{"href":"https:\/\/blogs.elcomercio.es\/largo_de_cafe\/wp-json\/wp\/v2\/posts\/5280"}],"collection":[{"href":"https:\/\/blogs.elcomercio.es\/largo_de_cafe\/wp-json\/wp\/v2\/posts"}],"about":[{"href":"https:\/\/blogs.elcomercio.es\/largo_de_cafe\/wp-json\/wp\/v2\/types\/post"}],"author":[{"embeddable":true,"href":"https:\/\/blogs.elcomercio.es\/largo_de_cafe\/wp-json\/wp\/v2\/users\/2"}],"replies":[{"embeddable":true,"href":"https:\/\/blogs.elcomercio.es\/largo_de_cafe\/wp-json\/wp\/v2\/comments?post=5280"}],"version-history":[{"count":1,"href":"https:\/\/blogs.elcomercio.es\/largo_de_cafe\/wp-json\/wp\/v2\/posts\/5280\/revisions"}],"predecessor-version":[{"id":5281,"href":"https:\/\/blogs.elcomercio.es\/largo_de_cafe\/wp-json\/wp\/v2\/posts\/5280\/revisions\/5281"}],"wp:attachment":[{"href":"https:\/\/blogs.elcomercio.es\/largo_de_cafe\/wp-json\/wp\/v2\/media?parent=5280"}],"wp:term":[{"taxonomy":"category","embeddable":true,"href":"https:\/\/blogs.elcomercio.es\/largo_de_cafe\/wp-json\/wp\/v2\/categories?post=5280"},{"taxonomy":"post_tag","embeddable":true,"href":"https:\/\/blogs.elcomercio.es\/largo_de_cafe\/wp-json\/wp\/v2\/tags?post=5280"}],"curies":[{"name":"wp","href":"https:\/\/api.w.org\/{rel}","templated":true}]}}