{"id":5288,"date":"2018-10-18T21:28:58","date_gmt":"2018-10-18T19:28:58","guid":{"rendered":"https:\/\/blogs.elcomercio.es\/largo_de_cafe\/?p=5288"},"modified":"2018-10-18T21:28:58","modified_gmt":"2018-10-18T19:28:58","slug":"el-desamparo-de-alcoa","status":"publish","type":"post","link":"https:\/\/blogs.elcomercio.es\/largo_de_cafe\/2018\/10\/18\/el-desamparo-de-alcoa\/","title":{"rendered":"EL DESAMPARO DE ALCOA"},"content":{"rendered":"<div id=\"testArtCol_a\" class=\"art-layout-a\">\n<p>La direcci\u00f3n de Alcoa ha anunciado el cierre de sus plantas avilesina y coru\u00f1esa, con despido del cien por cien de las plantillas. La empresa justifica la medida por el alto coste del suministro el\u00e9ctrico, el elevado precio de su principal materia prima (al\u00famina) y el efecto que tiene en el mercado del aluminio la sobrecapacidad de producci\u00f3n de China. No es la primera vez que la direcci\u00f3n de Alcoa se queja de los elevados costes de producci\u00f3n, especialmente del precio de la electricidad. Un problema que el Gobierno de Rajoy fue capeando a base de poner parches, dando bonificaciones por el consumo el\u00e9ctrico a trav\u00e9s de subastas. Como todo lo que tiene que ver con nuestro modelo intervenido de energ\u00eda, es un mecanismo tortuoso que impide planificar la producci\u00f3n y s\u00f3lo garantiza un determinado nivel de costes durante unos meses hasta que llega la siguiente subasta.<\/p>\n<\/div>\n<div id=\"testArtCol_b\" class=\"art-layout-b\">\n<p>El Gobierno qued\u00f3 sorprendido por el cierre. No ser\u00e1 por falta de antecedentes. La empresa anunci\u00f3 la misma medida hace cuatro a\u00f1os, pero luego desanduvo el camino. Cuando se vive en Babia se lleva uno sorpresas. A la ministra de Industria, Reyes Maroto, solo le hemos conocido una declaraci\u00f3n, sobre la fiscalidad del di\u00e9sel, que contradec\u00eda lo afirmado por Pedro S\u00e1nchez, vi\u00e9ndose obligada a rectificar apresuradamente. Desde entonces se atiene al refranero: en boca cerrada no entran moscas. Su colega Teresa Ribera, hizo unas declaraciones antol\u00f3gicas: \u00abAlgo no cuadra en la decisi\u00f3n, de las tres plantas (Alcoa tiene tres plantas en Espa\u00f1a), cierran las dos en que no han hecho inversiones\u00bb. Y agreg\u00f3, \u00abm\u00e1s bien parece que (la decisi\u00f3n) est\u00e1 centrada en la propia estrategia de la empresa de abandono de inversiones\u00bb. As\u00ed que la ministra de la Transici\u00f3n Ecol\u00f3gica descubre ahora que las empresas abandonan las plantas que est\u00e1n obsoletas y que las decisiones responden a estrategias de empresa. Definitivamente subi\u00f3 el precio del pan.<\/p>\n<p>Est\u00e1 claro que el Gobierno de S\u00e1nchez, como el de Rajoy, carece de pol\u00edtica industrial, m\u00e1s all\u00e1 de propiciar cierres en instalaciones que colaboren al efecto invernadero. La deslocalizaciones de industrias, tan advertidas como temidas, se hacen realidad en Avil\u00e9s. Entre el incendio en las bater\u00edas de cok y el cierre de Alcoa bien merece recibir las ayudas propias de las zonas siniestradas. En cuanto al Gobierno, preocupado como est\u00e1 por la deslocalizaci\u00f3n de osarios, deber\u00eda saber que los territorios valen lo que valen sus empresas.<\/p>\n<\/div>\n<!-- AddThis Advanced Settings generic via filter on the_content --><!-- AddThis Share Buttons generic via filter on the_content -->","protected":false},"excerpt":{"rendered":"<p>La direcci\u00f3n de Alcoa ha anunciado el cierre de sus plantas avilesina y coru\u00f1esa, con despido del cien por cien de las plantillas. La empresa justifica la medida por el alto coste del suministro el\u00e9ctrico, el elevado precio de su principal materia prima (al\u00famina) y el efecto que tiene en el mercado del aluminio la [&hellip;]<!-- AddThis Advanced Settings generic via filter on get_the_excerpt --><!-- AddThis Share Buttons generic via filter on get_the_excerpt --><\/p>\n","protected":false},"author":2,"featured_media":0,"comment_status":"open","ping_status":"open","sticky":false,"template":"","format":"standard","meta":[],"categories":[1],"tags":[],"_links":{"self":[{"href":"https:\/\/blogs.elcomercio.es\/largo_de_cafe\/wp-json\/wp\/v2\/posts\/5288"}],"collection":[{"href":"https:\/\/blogs.elcomercio.es\/largo_de_cafe\/wp-json\/wp\/v2\/posts"}],"about":[{"href":"https:\/\/blogs.elcomercio.es\/largo_de_cafe\/wp-json\/wp\/v2\/types\/post"}],"author":[{"embeddable":true,"href":"https:\/\/blogs.elcomercio.es\/largo_de_cafe\/wp-json\/wp\/v2\/users\/2"}],"replies":[{"embeddable":true,"href":"https:\/\/blogs.elcomercio.es\/largo_de_cafe\/wp-json\/wp\/v2\/comments?post=5288"}],"version-history":[{"count":1,"href":"https:\/\/blogs.elcomercio.es\/largo_de_cafe\/wp-json\/wp\/v2\/posts\/5288\/revisions"}],"predecessor-version":[{"id":5289,"href":"https:\/\/blogs.elcomercio.es\/largo_de_cafe\/wp-json\/wp\/v2\/posts\/5288\/revisions\/5289"}],"wp:attachment":[{"href":"https:\/\/blogs.elcomercio.es\/largo_de_cafe\/wp-json\/wp\/v2\/media?parent=5288"}],"wp:term":[{"taxonomy":"category","embeddable":true,"href":"https:\/\/blogs.elcomercio.es\/largo_de_cafe\/wp-json\/wp\/v2\/categories?post=5288"},{"taxonomy":"post_tag","embeddable":true,"href":"https:\/\/blogs.elcomercio.es\/largo_de_cafe\/wp-json\/wp\/v2\/tags?post=5288"}],"curies":[{"name":"wp","href":"https:\/\/api.w.org\/{rel}","templated":true}]}}