{"id":536,"date":"2008-12-30T10:21:23","date_gmt":"2008-12-30T10:21:23","guid":{"rendered":"http:\/\/blogs.elcomercio.es\/largo_de_cafe\/?p=536"},"modified":"2008-12-30T10:21:23","modified_gmt":"2008-12-30T10:21:23","slug":"la-aparente-riqueza","status":"publish","type":"post","link":"https:\/\/blogs.elcomercio.es\/largo_de_cafe\/2008\/12\/30\/la-aparente-riqueza\/","title":{"rendered":"LA APARENTE RIQUEZA"},"content":{"rendered":"<p>Javier Fern\u00e1ndez considera que Asturias debe beneficiarse del fondo de convergencia creado por el Gobierno, aunque su PIB supere el 90% de la media nacional. El secretario general de la FSA argumenta que una parte importante de la riqueza regional se debe a las prejubilaciones y las jubilaciones de las empresas p\u00fablicas, un flujo de dinero que tiene fecha de caducidad. <\/p>\n<p>El hecho de que Asturias sea la comunidad aut\u00f3noma que menos haya crecido en la \u00faltima d\u00e9cada es suficiente raz\u00f3n para que el Gobierno central le dedique una especial atenci\u00f3n en las pol\u00edticas de cohesi\u00f3n interterritorial. Adem\u00e1s, tenemos algunos rasgos estructurales que frenan el desarrollo econ\u00f3mico, como es la composici\u00f3n de la poblaci\u00f3n: la segunda comunidad aut\u00f3noma m\u00e1s envejecida de Espa\u00f1a y la que tiene la natalidad m\u00e1s baja. Si una descripci\u00f3n as\u00ed no encaja en la plantilla que elabora el Gobierno de Rodr\u00edguez Zapatero para incluir a una regi\u00f3n en el fondo de convergencia, habr\u00e1 que dar argumentos concretos. Hacer menci\u00f3n al peso de las prejubilaciones y las jubilaciones en la riqueza regional constituye una raz\u00f3n de peso. <\/p>\n<p>Somos el territorio con m\u00e1s prejubilados y la contribuci\u00f3n de las pensiones a la riqueza regional es enorme, como lo prueba el hecho de que en los \u00faltimos quince a\u00f1os las remuneraciones de las clases pasivas hayan constituido el 41% de todo el dinero que llega del Estado. Las prejubilaciones de la miner\u00eda y la siderurgia, y las pensiones correspondientes al empleo industrial son el sost\u00e9n de muchas familias y elemento clave en la capacidad de consumo regional. Dentro de veinte a\u00f1os ese importante caudal de dinero se habr\u00e1 agotado, y por eso es muy importante que contemos con palancas de desarrollo alternativas. De ah\u00ed que seamos candidatos naturales a estar incluidos en programas estatales que velen por la igualdad de riqueza entre las regiones. <\/p>\n<p>El Principado justific\u00f3 la inclusi\u00f3n en el fondo de convergencia apelando a las dificultades que atraviesan sectores concretos, como la miner\u00eda. Las dificultades de la miner\u00eda ya est\u00e1n contempladas en los 1.716 millones que corresponden para el Principado de los fondos mineros. Nuestro tend\u00f3n de Aquiles es la caducidad de prejubilaciones y jubilaciones, as\u00ed como la p\u00e9rdida de fondos de la Uni\u00f3n Europea. La suma de esos flujos de dinero es lo que crea una falsa imagen del bienestar asturiano.<\/p>\n<!-- AddThis Advanced Settings generic via filter on the_content --><!-- AddThis Share Buttons generic via filter on the_content -->","protected":false},"excerpt":{"rendered":"<p>Javier Fern\u00e1ndez considera que Asturias debe beneficiarse del fondo de convergencia creado por el Gobierno, aunque su PIB supere el 90% de la media nacional. El secretario general de la FSA argumenta que una parte importante de la riqueza regional se debe a las prejubilaciones y las jubilaciones de las empresas p\u00fablicas, un flujo de [&hellip;]<!-- AddThis Advanced Settings generic via filter on get_the_excerpt --><!-- AddThis Share Buttons generic via filter on get_the_excerpt --><\/p>\n","protected":false},"author":2,"featured_media":0,"comment_status":"open","ping_status":"closed","sticky":false,"template":"","format":"standard","meta":[],"categories":[4],"tags":[],"_links":{"self":[{"href":"https:\/\/blogs.elcomercio.es\/largo_de_cafe\/wp-json\/wp\/v2\/posts\/536"}],"collection":[{"href":"https:\/\/blogs.elcomercio.es\/largo_de_cafe\/wp-json\/wp\/v2\/posts"}],"about":[{"href":"https:\/\/blogs.elcomercio.es\/largo_de_cafe\/wp-json\/wp\/v2\/types\/post"}],"author":[{"embeddable":true,"href":"https:\/\/blogs.elcomercio.es\/largo_de_cafe\/wp-json\/wp\/v2\/users\/2"}],"replies":[{"embeddable":true,"href":"https:\/\/blogs.elcomercio.es\/largo_de_cafe\/wp-json\/wp\/v2\/comments?post=536"}],"version-history":[{"count":0,"href":"https:\/\/blogs.elcomercio.es\/largo_de_cafe\/wp-json\/wp\/v2\/posts\/536\/revisions"}],"wp:attachment":[{"href":"https:\/\/blogs.elcomercio.es\/largo_de_cafe\/wp-json\/wp\/v2\/media?parent=536"}],"wp:term":[{"taxonomy":"category","embeddable":true,"href":"https:\/\/blogs.elcomercio.es\/largo_de_cafe\/wp-json\/wp\/v2\/categories?post=536"},{"taxonomy":"post_tag","embeddable":true,"href":"https:\/\/blogs.elcomercio.es\/largo_de_cafe\/wp-json\/wp\/v2\/tags?post=536"}],"curies":[{"name":"wp","href":"https:\/\/api.w.org\/{rel}","templated":true}]}}