{"id":55,"date":"2007-08-23T00:35:20","date_gmt":"2007-08-23T00:35:20","guid":{"rendered":"http:\/\/blogs.elcomercio.es\/largo_de_cafe\/?p=55"},"modified":"2007-08-23T00:35:20","modified_gmt":"2007-08-23T00:35:20","slug":"dardos-contra-ministra","status":"publish","type":"post","link":"https:\/\/blogs.elcomercio.es\/largo_de_cafe\/2007\/08\/23\/dardos-contra-ministra\/","title":{"rendered":"Dardos contra la ministra"},"content":{"rendered":"<p>La visita de Zapatero a Asturias se produce en medio de cr\u00edticas de la oposici\u00f3n por respaldar a la ministra de Fomento, Magdalena \u00c1lvarez. En principio, el apoyo del presidente a los ministros es la norma general de todo gobierno, hasta el d\u00eda que son destituidos. Magdalena \u00c1lvarez no es una persona simp\u00e1tica, aunque sea andaluza, lo que le ha servido para ganarse la animadversi\u00f3n de sus rivales pol\u00edticos. En Asturias, hemos sufrido desde el principio del mandato su particular manera de gestionar, con visitas muy breves a una regi\u00f3n que lo espera todo de las obras p\u00fablicas. Su antecesor en el cargo fue \u00c1lvarez-Cascos, que visitaba las carreteras en construcci\u00f3n con la cadencia de un jefe de obras. Un gran contraste. En resumen: ning\u00fan amor por esta ministra. <\/p>\n<p>Aclarado el estado de \u00e1nimo, entremos en el fondo pol\u00edtico de la controversia del presidente y los l\u00edderes de la oposici\u00f3n. La ministra de Fomento ha sido puesta en la picota por la crisis de las infraestructuras catalanas, un asunto que ha soliviantado a la opini\u00f3n p\u00fablica de esa regi\u00f3n. El detonante fue el apag\u00f3n que sufrieron durante d\u00edasvarios barrios de Barcelona, por culpa del relajo de la Generalitat, que no mostr\u00f3 ning\u00fan celo en la inspecci\u00f3n de las empresas el\u00e9ctricas que operan en suterritorio. Tras el fallo de suministro el\u00e9ctrico lleg\u00f3 el colapso de unas autov\u00edas de peaje que est\u00e1n dando servicio a los catalanes desde hace m\u00e1s de treinta a\u00f1os, gracias al pago que hacen todos los turistas y emigrantes que pasan por ellas. Y a ello se sum\u00f3 el desastre de los trenes de cercan\u00edas de Barcelona, con un trazado de v\u00edas en obras por la llegada del AVE. En este asunto fueron clave los cambios de trazado del AVE, en su llegada a Barcelona, impuestos por las instituciones catalanas. No hay ninguna raz\u00f3n para comparar a Magdalena \u00c1lvarez con un se\u00f1orito andaluz, aunque la expresi\u00f3n hizo fortuna en el Congreso de los Diputados y en los peri\u00f3dicos. <\/p>\n<p>Centrar las cr\u00edticas del Gobierno en el Ministerio de Fomento, cuando se construyen m\u00e1s kil\u00f3metros de Alta Velocidad que en cualquier pa\u00eds de Europa, es la forma de hacer del verano algo fr\u00edvolo.El problema es que la oposici\u00f3n no se atreve a disparar contra la Generalitat porque ese discurso pol\u00edtico comporta riesgos.<\/p>\n<!-- AddThis Advanced Settings generic via filter on the_content --><!-- AddThis Share Buttons generic via filter on the_content -->","protected":false},"excerpt":{"rendered":"<p>La visita de Zapatero a Asturias se produce en medio de cr\u00edticas de la oposici\u00f3n por respaldar a la ministra de Fomento, Magdalena \u00c1lvarez. En principio, el apoyo del presidente a los ministros es la norma general de todo gobierno, hasta el d\u00eda que son destituidos. Magdalena \u00c1lvarez no es una persona simp\u00e1tica, aunque sea [&hellip;]<!-- AddThis Advanced Settings generic via filter on get_the_excerpt --><!-- AddThis Share Buttons generic via filter on get_the_excerpt --><\/p>\n","protected":false},"author":2,"featured_media":0,"comment_status":"open","ping_status":"closed","sticky":false,"template":"","format":"standard","meta":[],"categories":[4],"tags":[],"_links":{"self":[{"href":"https:\/\/blogs.elcomercio.es\/largo_de_cafe\/wp-json\/wp\/v2\/posts\/55"}],"collection":[{"href":"https:\/\/blogs.elcomercio.es\/largo_de_cafe\/wp-json\/wp\/v2\/posts"}],"about":[{"href":"https:\/\/blogs.elcomercio.es\/largo_de_cafe\/wp-json\/wp\/v2\/types\/post"}],"author":[{"embeddable":true,"href":"https:\/\/blogs.elcomercio.es\/largo_de_cafe\/wp-json\/wp\/v2\/users\/2"}],"replies":[{"embeddable":true,"href":"https:\/\/blogs.elcomercio.es\/largo_de_cafe\/wp-json\/wp\/v2\/comments?post=55"}],"version-history":[{"count":0,"href":"https:\/\/blogs.elcomercio.es\/largo_de_cafe\/wp-json\/wp\/v2\/posts\/55\/revisions"}],"wp:attachment":[{"href":"https:\/\/blogs.elcomercio.es\/largo_de_cafe\/wp-json\/wp\/v2\/media?parent=55"}],"wp:term":[{"taxonomy":"category","embeddable":true,"href":"https:\/\/blogs.elcomercio.es\/largo_de_cafe\/wp-json\/wp\/v2\/categories?post=55"},{"taxonomy":"post_tag","embeddable":true,"href":"https:\/\/blogs.elcomercio.es\/largo_de_cafe\/wp-json\/wp\/v2\/tags?post=55"}],"curies":[{"name":"wp","href":"https:\/\/api.w.org\/{rel}","templated":true}]}}