{"id":5666,"date":"2019-04-09T21:42:27","date_gmt":"2019-04-09T19:42:27","guid":{"rendered":"https:\/\/blogs.elcomercio.es\/largo_de_cafe\/?p=5666"},"modified":"2019-04-09T21:46:07","modified_gmt":"2019-04-09T19:46:07","slug":"afinar-el-discurso","status":"publish","type":"post","link":"https:\/\/blogs.elcomercio.es\/largo_de_cafe\/2019\/04\/09\/afinar-el-discurso\/","title":{"rendered":"AFINAR EL DISCURSO"},"content":{"rendered":"<div class=\"clear\">\n<div id=\"testArtCol_a\" class=\"art-layout-a\">\n<p>En la presentaci\u00f3n del programa electoral, Pablo Casado utiliz\u00f3 munici\u00f3n de grueso calibre para descalificar a Pedro S\u00e1nchez, acus\u00e1ndole de preferir \u00abmanos manchadas de sangre a manos pintadas de blanco\u00bb. El candidato del PP recrimin\u00f3 al presidente del Gobierno que tenga a terroristas y golpistas como aliados. Se pueden escoger otras palabras para expresar lo mismo. Pablo Casado lo ha hecho otras veces. La \u00fanica raz\u00f3n para apelar a la hip\u00e9rbole son las encuestas. Desde el inicio de la precampa\u00f1a electoral los socialistas van destacados en cabeza y Vox se ha convertido, virtualmente, en un partido parlamentario por la cantidad de adhesiones que recibe de antiguos votantes del PP. Para el equipo de campa\u00f1a popular, la urgencia por excelencia es frenar el trasvase de votos hacia las huestes de Abascal, y de ah\u00ed que el candidato recurra a im\u00e1genes literarias del agrado de la derecha m\u00e1s conservadora. Trat\u00e1ndose de un partido interclasista, con un amplio espectro de votantes que van desde la derecha radical al centrismo m\u00e1s templado, deber\u00edan de valorar si insistir en un extremo no lleva a perder votos por el otro \u00bfY si se pierde m\u00e1s que se gana? La gente de derechas demanda de los gobiernos seguridad y determinaci\u00f3n, pero no tiene por qu\u00e9 identificarse con la oratoria m\u00e1s beligerante.<\/p>\n<\/div>\n<div id=\"testArtCol_b\" class=\"art-layout-b\">\n<p>El aspecto m\u00e1s inquietante de la pr\u00e1ctica de gobierno de Pedro S\u00e1nchez reside en la naturaleza de sus aliados. Desde estas l\u00edneas, m\u00e1s de una vez hemos dicho que en la mayor\u00eda parlamentaria de la censura a Rajoy, si exceptuamos al PSOE, el resto son partidos que quieren tumbar la Constituci\u00f3n o cambiar aspectos fundamentales de ella hasta hacerla irreconocible. Esa es la realidad. PDeCAT, ERC, PNV o Bildu no son partidos equiparables al PSOE, PP o Ciudadanos. No obstante, los partidos nacionalistas han jugado un papel clave en todas las legislaturas donde el partido ganador de las elecciones no lleg\u00f3 a alcanzar la mayor\u00eda absoluta. Soy consciente de que en la actualidad la deriva de los nacionalistas catalanes hacia el independentismo sit\u00faa las tensiones territoriales en un escenario distinto, pero en la acumulaci\u00f3n de poder de los nacionalistas durante d\u00e9cadas participaron tanto los gobiernos del PP como los del PSOE. Es m\u00e1s, la actual crisis catalana no hubiera llegado hasta donde lleg\u00f3 sin un presidente tan alicorto como Rajoy. A partir de estas consideraciones, seguro que una persona tan inteligente como Casado sabe afinar su discurso.<\/p>\n<\/div>\n<\/div>\n<!-- AddThis Advanced Settings generic via filter on the_content --><!-- AddThis Share Buttons generic via filter on the_content -->","protected":false},"excerpt":{"rendered":"<p>En la presentaci\u00f3n del programa electoral, Pablo Casado utiliz\u00f3 munici\u00f3n de grueso calibre para descalificar a Pedro S\u00e1nchez, acus\u00e1ndole de preferir \u00abmanos manchadas de sangre a manos pintadas de blanco\u00bb. El candidato del PP recrimin\u00f3 al presidente del Gobierno que tenga a terroristas y golpistas como aliados. Se pueden escoger otras palabras para expresar lo [&hellip;]<!-- AddThis Advanced Settings generic via filter on get_the_excerpt --><!-- AddThis Share Buttons generic via filter on get_the_excerpt --><\/p>\n","protected":false},"author":2,"featured_media":0,"comment_status":"open","ping_status":"open","sticky":false,"template":"","format":"standard","meta":[],"categories":[1],"tags":[],"_links":{"self":[{"href":"https:\/\/blogs.elcomercio.es\/largo_de_cafe\/wp-json\/wp\/v2\/posts\/5666"}],"collection":[{"href":"https:\/\/blogs.elcomercio.es\/largo_de_cafe\/wp-json\/wp\/v2\/posts"}],"about":[{"href":"https:\/\/blogs.elcomercio.es\/largo_de_cafe\/wp-json\/wp\/v2\/types\/post"}],"author":[{"embeddable":true,"href":"https:\/\/blogs.elcomercio.es\/largo_de_cafe\/wp-json\/wp\/v2\/users\/2"}],"replies":[{"embeddable":true,"href":"https:\/\/blogs.elcomercio.es\/largo_de_cafe\/wp-json\/wp\/v2\/comments?post=5666"}],"version-history":[{"count":2,"href":"https:\/\/blogs.elcomercio.es\/largo_de_cafe\/wp-json\/wp\/v2\/posts\/5666\/revisions"}],"predecessor-version":[{"id":5668,"href":"https:\/\/blogs.elcomercio.es\/largo_de_cafe\/wp-json\/wp\/v2\/posts\/5666\/revisions\/5668"}],"wp:attachment":[{"href":"https:\/\/blogs.elcomercio.es\/largo_de_cafe\/wp-json\/wp\/v2\/media?parent=5666"}],"wp:term":[{"taxonomy":"category","embeddable":true,"href":"https:\/\/blogs.elcomercio.es\/largo_de_cafe\/wp-json\/wp\/v2\/categories?post=5666"},{"taxonomy":"post_tag","embeddable":true,"href":"https:\/\/blogs.elcomercio.es\/largo_de_cafe\/wp-json\/wp\/v2\/tags?post=5666"}],"curies":[{"name":"wp","href":"https:\/\/api.w.org\/{rel}","templated":true}]}}