{"id":5688,"date":"2019-04-18T23:10:53","date_gmt":"2019-04-18T21:10:53","guid":{"rendered":"https:\/\/blogs.elcomercio.es\/largo_de_cafe\/?p=5688"},"modified":"2019-04-18T23:10:53","modified_gmt":"2019-04-18T21:10:53","slug":"las-dos-amenazas","status":"publish","type":"post","link":"https:\/\/blogs.elcomercio.es\/largo_de_cafe\/2019\/04\/18\/las-dos-amenazas\/","title":{"rendered":"LAS DOS AMENAZAS"},"content":{"rendered":"<div class=\"clear\">\n<div id=\"testArtCol_a\" class=\"art-layout-a\">\n<p>En las campa\u00f1as electorales siempre tuvieron m\u00e1s protagonismo las cr\u00edticas que las propuestas. La actual no es una excepci\u00f3n. Los partidos de la derecha acusan a Pedro S\u00e1nchez de negociar por debajo de la mesa con los independentistas, dispuesto a llegar a cualquier pacto que le permita mantenerse en la Moncloa; le preguntan a diario si indultar\u00e1 a los l\u00edderes catalanistas en el caso de que sean condenados a penas de c\u00e1rcel por el Tribunal Supremo. El presidente tuvo que recurrir al \u00abno es no\u00bb para rechazar cualquier cambio que afecte a la Constituci\u00f3n como resultado de negociaciones con otros partidos. Dicho con otras palabras: no admitir\u00eda refer\u00e9ndum de autodeterminaci\u00f3n ni aceptar\u00eda rupturas con el actual ordenamiento jur\u00eddico. Sobre hipot\u00e9ticos indultos guarda silencio. Por su parte la izquierda critica a la derecha por preparar un gigantesco salto regresivo en materia de derechos sociales, libertades y derechos laborales. Las pensiones, el salario m\u00ednimo, las subvenciones a los parados de larga duraci\u00f3n, los copagos farmac\u00e9uticos seguir\u00edan un curso distinto si gobernara la derecha.<\/p>\n<\/div>\n<div id=\"testArtCol_b\" class=\"art-layout-b\">\n<p>Las dos amenazas, de izquierda y derecha, buscan sensibilizar al votante para que acuda a las urnas tratando de detenerlas. Si los partidos utilizan esas estrategias es porque tienen datos sobre la eficacia de los mensajes. El ciudadano medio se muestra refractario a las noticias que provengan del Banco Central Europeo o al cambio de modelo de financiaci\u00f3n auton\u00f3mica, pero es muy receptivo con las medidas que le afecten de una forma directa: pensiones, subsidios o pagos. Tambi\u00e9n le influyen los mensajes de alto contenido emocional, como la ruptura de la unidad territorial. Dos o tres mensajes sencillos, susceptibles de sintetizar en unas pocas palabras, constituyen el n\u00facleo de reflexi\u00f3n para una mayor\u00eda de electores.<\/p>\n<p>Como ocurre con todos los simplismos, los mensajes tienen truco. Para empezar, en el debate se est\u00e1 hurtando un dato que marca la coyuntura econ\u00f3mica: la desaceleraci\u00f3n del crecimiento econ\u00f3mico. Todo el gasto p\u00fablico que se promete depende de los avatares que experimente el PIB. Si la econom\u00eda languidece el gasto p\u00fablico decrece. Por otro lado, el da\u00f1o que puedan causar los independentistas se esfuma si hay una entente entre los constitucionalistas sobre esa cuesti\u00f3n. Pueden discrepar sobre todo, exceptuando las operaciones de derribo del Estado. Despejemos los fantasmas y valoremos realidades tangibles.<\/p>\n<\/div>\n<\/div>\n<!-- AddThis Advanced Settings generic via filter on the_content --><!-- AddThis Share Buttons generic via filter on the_content -->","protected":false},"excerpt":{"rendered":"<p>En las campa\u00f1as electorales siempre tuvieron m\u00e1s protagonismo las cr\u00edticas que las propuestas. La actual no es una excepci\u00f3n. Los partidos de la derecha acusan a Pedro S\u00e1nchez de negociar por debajo de la mesa con los independentistas, dispuesto a llegar a cualquier pacto que le permita mantenerse en la Moncloa; le preguntan a diario [&hellip;]<!-- AddThis Advanced Settings generic via filter on get_the_excerpt --><!-- AddThis Share Buttons generic via filter on get_the_excerpt --><\/p>\n","protected":false},"author":2,"featured_media":0,"comment_status":"open","ping_status":"open","sticky":false,"template":"","format":"standard","meta":[],"categories":[1],"tags":[],"_links":{"self":[{"href":"https:\/\/blogs.elcomercio.es\/largo_de_cafe\/wp-json\/wp\/v2\/posts\/5688"}],"collection":[{"href":"https:\/\/blogs.elcomercio.es\/largo_de_cafe\/wp-json\/wp\/v2\/posts"}],"about":[{"href":"https:\/\/blogs.elcomercio.es\/largo_de_cafe\/wp-json\/wp\/v2\/types\/post"}],"author":[{"embeddable":true,"href":"https:\/\/blogs.elcomercio.es\/largo_de_cafe\/wp-json\/wp\/v2\/users\/2"}],"replies":[{"embeddable":true,"href":"https:\/\/blogs.elcomercio.es\/largo_de_cafe\/wp-json\/wp\/v2\/comments?post=5688"}],"version-history":[{"count":1,"href":"https:\/\/blogs.elcomercio.es\/largo_de_cafe\/wp-json\/wp\/v2\/posts\/5688\/revisions"}],"predecessor-version":[{"id":5689,"href":"https:\/\/blogs.elcomercio.es\/largo_de_cafe\/wp-json\/wp\/v2\/posts\/5688\/revisions\/5689"}],"wp:attachment":[{"href":"https:\/\/blogs.elcomercio.es\/largo_de_cafe\/wp-json\/wp\/v2\/media?parent=5688"}],"wp:term":[{"taxonomy":"category","embeddable":true,"href":"https:\/\/blogs.elcomercio.es\/largo_de_cafe\/wp-json\/wp\/v2\/categories?post=5688"},{"taxonomy":"post_tag","embeddable":true,"href":"https:\/\/blogs.elcomercio.es\/largo_de_cafe\/wp-json\/wp\/v2\/tags?post=5688"}],"curies":[{"name":"wp","href":"https:\/\/api.w.org\/{rel}","templated":true}]}}