{"id":5700,"date":"2019-04-25T18:44:59","date_gmt":"2019-04-25T16:44:59","guid":{"rendered":"https:\/\/blogs.elcomercio.es\/largo_de_cafe\/?p=5700"},"modified":"2019-04-25T18:44:59","modified_gmt":"2019-04-25T16:44:59","slug":"el-voto-util","status":"publish","type":"post","link":"https:\/\/blogs.elcomercio.es\/largo_de_cafe\/2019\/04\/25\/el-voto-util\/","title":{"rendered":"EL VOTO \u00daTIL"},"content":{"rendered":"<div id=\"testArtCol_a\" class=\"art-layout-a\">\n<p>Mitin de Pedro S\u00e1nchez en Gij\u00f3n, cuarenta y ocho horas antes de finalizar la campa\u00f1a electoral. No es usual que un presidente del Gobierno vaya a una regi\u00f3n de apenas un mill\u00f3n de habitantes para pedir el voto en un momento decisivo, cuando millones de personas indecisas optan por una candidatura. La tradici\u00f3n socialista de Asturias, un territorio que ha sido gobernada por el PSOE desde el inicio de la etapa auton\u00f3mica, con la excepci\u00f3n del mandato de Sergio Marqu\u00e9s y unos meses de gobierno de Foro, influy\u00f3 en la elecci\u00f3n de los actos del presidente. A eso hay que a\u00f1adir la clara hegemon\u00eda del \u2018sanchismo\u2019 en el seno de la FSA.<\/p>\n<\/div>\n<div id=\"testArtCol_b\" class=\"art-layout-b\">\n<p>El candidato vino con el discurso del voto \u00fatil. Para ello record\u00f3 que no basta con ganar, es necesario tener una mayor\u00eda para gobernar. Sin nombrar a Unidas Podemos, dijo que era necesario concentrar el voto en el PSOE, \u00abnada de intermediarios\u00bb. En la mayor\u00eda de las convocatorias electorales el miedo es el argumento m\u00e1s movilizador. Pedro S\u00e1nchez volvi\u00f3 a decir que si ganaban las tres derechas habr\u00eda un retroceso de cuarenta a\u00f1os. Es curioso que se siga utilizando la expresi\u00f3n de \u00abcuarenta a\u00f1os\u00bb, como ocurr\u00eda en los a\u00f1os ochenta del pasado siglo, cuando volver cuatro d\u00e9cadas atr\u00e1s era lo mismo que resucitar al franquismo. Ahora volver cuarenta a\u00f1os atr\u00e1s es regresar a la democracia. En cualquier caso la alusi\u00f3n es clara, si vuelven las tres derechas la democracia espa\u00f1ola se desvirt\u00faa. Es una hip\u00e9rbole, pero no importa, el caso es inocular una dosis de miedo en el cerebro del personal para que vote al partido del gobierno. Entre las dos amenazas, la del regreso al franquismo y la de la inminente ruptura de Espa\u00f1a, ha transcurrido la dial\u00e9ctica de esta campa\u00f1a. Discutir sobre los peligros reales y las urgencias inaplazables (deuda, pensiones, despoblaci\u00f3n) queda para otra ocasi\u00f3n.<\/p>\n<p>S\u00e1nchez ven\u00eda a atar el voto, no a disertar sobre Asturias. Ni una palabra de la variante de Pajares, de la transici\u00f3n energ\u00e9tica, del declive demogr\u00e1fico, de Alcoa, de la financiaci\u00f3n auton\u00f3mica, de la autov\u00eda del occidente. Puestos a olvidar, tampoco se acord\u00f3 del plan de v\u00edas de Gij\u00f3n. Es m\u00e1s eficaz sacar a pasear el fantasma de las tres derechas para movilizar al electorado que sacar pecho por la firma del plan de v\u00edas. Intervinieron Adriana Lastra, la n\u00famero uno por Asturias, Adri\u00e1n Barb\u00f3n, candidato auton\u00f3mico y l\u00edder de la FSA, y Ana Gonz\u00e1lez. En el estrado hubo una ausencia clamorosa, la de Javier Fern\u00e1ndez, que no participa<\/p>\n<\/div>\n<!-- AddThis Advanced Settings generic via filter on the_content --><!-- AddThis Share Buttons generic via filter on the_content -->","protected":false},"excerpt":{"rendered":"<p>Mitin de Pedro S\u00e1nchez en Gij\u00f3n, cuarenta y ocho horas antes de finalizar la campa\u00f1a electoral. No es usual que un presidente del Gobierno vaya a una regi\u00f3n de apenas un mill\u00f3n de habitantes para pedir el voto en un momento decisivo, cuando millones de personas indecisas optan por una candidatura. La tradici\u00f3n socialista de [&hellip;]<!-- AddThis Advanced Settings generic via filter on get_the_excerpt --><!-- AddThis Share Buttons generic via filter on get_the_excerpt --><\/p>\n","protected":false},"author":2,"featured_media":0,"comment_status":"open","ping_status":"open","sticky":false,"template":"","format":"standard","meta":[],"categories":[1],"tags":[],"_links":{"self":[{"href":"https:\/\/blogs.elcomercio.es\/largo_de_cafe\/wp-json\/wp\/v2\/posts\/5700"}],"collection":[{"href":"https:\/\/blogs.elcomercio.es\/largo_de_cafe\/wp-json\/wp\/v2\/posts"}],"about":[{"href":"https:\/\/blogs.elcomercio.es\/largo_de_cafe\/wp-json\/wp\/v2\/types\/post"}],"author":[{"embeddable":true,"href":"https:\/\/blogs.elcomercio.es\/largo_de_cafe\/wp-json\/wp\/v2\/users\/2"}],"replies":[{"embeddable":true,"href":"https:\/\/blogs.elcomercio.es\/largo_de_cafe\/wp-json\/wp\/v2\/comments?post=5700"}],"version-history":[{"count":1,"href":"https:\/\/blogs.elcomercio.es\/largo_de_cafe\/wp-json\/wp\/v2\/posts\/5700\/revisions"}],"predecessor-version":[{"id":5701,"href":"https:\/\/blogs.elcomercio.es\/largo_de_cafe\/wp-json\/wp\/v2\/posts\/5700\/revisions\/5701"}],"wp:attachment":[{"href":"https:\/\/blogs.elcomercio.es\/largo_de_cafe\/wp-json\/wp\/v2\/media?parent=5700"}],"wp:term":[{"taxonomy":"category","embeddable":true,"href":"https:\/\/blogs.elcomercio.es\/largo_de_cafe\/wp-json\/wp\/v2\/categories?post=5700"},{"taxonomy":"post_tag","embeddable":true,"href":"https:\/\/blogs.elcomercio.es\/largo_de_cafe\/wp-json\/wp\/v2\/tags?post=5700"}],"curies":[{"name":"wp","href":"https:\/\/api.w.org\/{rel}","templated":true}]}}