{"id":5712,"date":"2019-04-30T23:14:09","date_gmt":"2019-04-30T21:14:09","guid":{"rendered":"https:\/\/blogs.elcomercio.es\/largo_de_cafe\/?p=5712"},"modified":"2019-04-30T23:14:09","modified_gmt":"2019-04-30T21:14:09","slug":"el-protagonismo-del-perdedor","status":"publish","type":"post","link":"https:\/\/blogs.elcomercio.es\/largo_de_cafe\/2019\/04\/30\/el-protagonismo-del-perdedor\/","title":{"rendered":"EL PROTAGONISMO DEL PERDEDOR"},"content":{"rendered":"<div id=\"testArtCol_a\" class=\"art-layout-a\">\n<p>Como del resultado electoral se hablar\u00e1 durante semanas por su importancia intr\u00ednseca y por la influencia que tendr\u00e1 en futuros acontecimientos, voy a tratar de centrar el an\u00e1lisis en lo ocurrido tras el recuento de votos por la enjundia que tiene.<\/p>\n<p>Por primera vez en cuarenta y tres a\u00f1os de elecciones democr\u00e1ticas, el gran protagonista no es el ganador (PSOE), sino el m\u00e1s destacado de los perdedores (PP). Nunca hab\u00eda sucedido. El 28 de octubre de 1982, cuando la UCD pas\u00f3 de 167 esca\u00f1os a 11, sufriendo el mayor descalabro de la historia, el protagonismo fue para Felipe Gonz\u00e1lez y sus 202 diputados.<\/p>\n<p>No se puede achacar el primer plano de Pablo Casado a una cierta rutina de victorias del PSOE, ya que los socialistas llevaban once a\u00f1os encadenando derrotas. El presidente del Gobierno, Pedro S\u00e1nchez, era la primera vez que sal\u00eda vencedor, raz\u00f3n de m\u00e1s para centrar el foco sobre \u00e9l. No ha sido as\u00ed.<\/p>\n<p>Hasta el p\u00e9simo resultado de Unidas Podemos ha quedado opacado tras el funeral del PP. Digo funeral, porque la comparecencia de Casado, Egea y Su\u00e1rez, en la noche electoral, tuvo una apariencia luctuosa inequ\u00edvoca.<\/p>\n<p><strong>Casado<\/strong><\/p>\n<p>De inmediato se desataron las especulaciones y unos dicen que Pablo Casado est\u00e1 amortizado y habr\u00e1 gestora en el corto plazo y otros, m\u00e1s catastrofistas, piensan que es el propio partido el que est\u00e1 finiquitado, y hablan de Ciudadanos como formaci\u00f3n relevo que llevar\u00e1 la antorcha de la derecha en los pr\u00f3ximos a\u00f1os. Hablemos de la derrota del PP para sacar conclusiones.<\/p>\n<p>El tr\u00e1nsito del PP, desde el Olimpo de la mayor\u00eda absoluta de 186 esca\u00f1os, en 2011, hasta la UVI en que est\u00e1 postrado tras el accidente dominical, se hizo en dos fases.<\/p>\n<p>En las elecciones de 2015, los populares menguaron en 63 esca\u00f1os con Rajoy de presidente-candidato. Habr\u00eda que retrotraerse veintis\u00e9is a\u00f1os para encontrar un registro tan bajo. Con la econom\u00eda creciendo es evidente que la corrupci\u00f3n fue quien pod\u00f3 los esca\u00f1os del PP. Anteayer perdieron otros 71 diputados. La causa hay que buscarla en los nuevos episodios de corrupci\u00f3n y, sobre todo, en la gesti\u00f3n de la crisis catalana.<\/p>\n<p>Ahora se llevan las manos a la cabeza porque solo obtuvieron un diputado (Cayetana \u00c1lvarez de Toledo) de los cuarenta y ocho que estaban en disputa en Catalu\u00f1a, pero en las \u00faltimas elecciones catalanas (diciembre 2017) solo lograron cuatro esca\u00f1os de ciento treinta y cinco que componen el Parlament. Dicho con otras palabras: el electorado ha ajustado cuentas con el \u2018marianismo\u2019. El descr\u00e9dito del PP viene del pasado reciente<\/p>\n<\/div>\n<div id=\"testArtCol_b\" class=\"art-layout-b\">\n<p><strong>Vox<\/strong><\/p>\n<p>Es curioso, se culpa a Casado y, a la vez, se dice que el batacazo del PP fue por causa de Vox. \u00bfEn qu\u00e9 quedamos?<\/p>\n<p>Al parecer el problema de la derecha es que ha surgido un nuevo competidor. En 2015, la izquierda (PSOE e IU) vio c\u00f3mo emerg\u00eda Podemos y nadie dijo que fuera una locura tener tres marcas disput\u00e1ndose el mismo nicho de votos.<\/p>\n<p>Cuando Pedro S\u00e1nchez gir\u00f3 hacia la izquierda para cortar la hemorragia de votos, a ning\u00fan observador se le ocurri\u00f3 decir que ten\u00eda que haberse corrido hacia la derecha. Con la perspectiva que da el tiempo transcurrido es dif\u00edcil criticar la estrategia de S\u00e1nchez a la hora de defender sus intereses y los del PSOE.<\/p>\n<p>Vox se present\u00f3 a las elecciones de 2015 y 2016 sin que despertara desaprobaciones. S\u00f3lo cuando aument\u00f3 el inter\u00e9s entre la gente por el partido de Abascal cundi\u00f3 el malestar entre la derecha instalada. Es evidente que el protagonismo de Vox es una consecuencia de la crisis catalana.<\/p>\n<p>\u00bfPor qu\u00e9 a Ciudadanos no le ha afectado la presencia de Vox? Rivera vol\u00f3 los puentes que le un\u00edan al PSOE y, a la vez, gan\u00f3 25 esca\u00f1os en el caladero de la derecha. La diferencia para el p\u00fablico entre el PP y Ciudadanos estriba en que \u00e9ste \u00faltimo no tiene sobre su espalda la herencia del marianismo.<\/p>\n<p><strong>PSOE<\/strong><\/p>\n<p>Tras el recuento de votos, el PSOE est\u00e1 rebosante de salud. S\u00e1nchez ha encontrado la v\u00eda para invertir el declive. Su victoria tiene dimensi\u00f3n continental, ya que la socialdemocracia en Europa pierde elecci\u00f3n tras elecci\u00f3n desde 2005. Para salvar los muebles, unos han optado por la gran coalici\u00f3n (Alemania, Austria, B\u00e9lgica) y otro por el bloque de izquierdas (Portugal, Italia con Renzi, Francia con Hollande). Dos apa\u00f1os. S\u00e1nchez, con un PSOE aut\u00f3nomo, se ha impuesto en toda Espa\u00f1a, con la excepci\u00f3n de las comunidades gobernadas por nacionalistas donde, por cierto, ha obtenido un buen resultado.<\/p>\n<p>El secreto de su victoria estuvo en hacer una campa\u00f1a fuertemente ideol\u00f3gica. Una argumentario v\u00e1lido para cualquier geograf\u00eda. Hasta los viernes sociales ven\u00edan envueltos en ideolog\u00eda. Vox y Abascal fueron claves para su relato. El fantasma de la extrema derecha llev\u00f3 a las urnas a gente que se hab\u00eda pasado media vida sin votar. El PP no sabe de combates ideol\u00f3gicos, por eso cuando apareci\u00f3 Podemos no fueron capaces de sacar provecho de su antiliberalismo.<\/p>\n<p><span id=\"artObjectWrap2\" class=\"art-object\"><span id=\"artObject2\" class=\"art-moreimages clear\"><\/span><\/span>En Asturias, donde la ideolog\u00eda altera cualquier aritm\u00e9tica, el triunfo de la FSA fue completo, con la excepci\u00f3n de cinco peque\u00f1os municipios en los que votaron, en conjunto, 2.880 personas. En esos reductos, es probable que el PP vuelva a ser hegem\u00f3nico en las elecciones auton\u00f3micas.<\/p>\n<\/div>\n<!-- AddThis Advanced Settings generic via filter on the_content --><!-- AddThis Share Buttons generic via filter on the_content -->","protected":false},"excerpt":{"rendered":"<p>Como del resultado electoral se hablar\u00e1 durante semanas por su importancia intr\u00ednseca y por la influencia que tendr\u00e1 en futuros acontecimientos, voy a tratar de centrar el an\u00e1lisis en lo ocurrido tras el recuento de votos por la enjundia que tiene. Por primera vez en cuarenta y tres a\u00f1os de elecciones democr\u00e1ticas, el gran protagonista [&hellip;]<!-- AddThis Advanced Settings generic via filter on get_the_excerpt --><!-- AddThis Share Buttons generic via filter on get_the_excerpt --><\/p>\n","protected":false},"author":2,"featured_media":0,"comment_status":"open","ping_status":"open","sticky":false,"template":"","format":"standard","meta":[],"categories":[1],"tags":[],"_links":{"self":[{"href":"https:\/\/blogs.elcomercio.es\/largo_de_cafe\/wp-json\/wp\/v2\/posts\/5712"}],"collection":[{"href":"https:\/\/blogs.elcomercio.es\/largo_de_cafe\/wp-json\/wp\/v2\/posts"}],"about":[{"href":"https:\/\/blogs.elcomercio.es\/largo_de_cafe\/wp-json\/wp\/v2\/types\/post"}],"author":[{"embeddable":true,"href":"https:\/\/blogs.elcomercio.es\/largo_de_cafe\/wp-json\/wp\/v2\/users\/2"}],"replies":[{"embeddable":true,"href":"https:\/\/blogs.elcomercio.es\/largo_de_cafe\/wp-json\/wp\/v2\/comments?post=5712"}],"version-history":[{"count":1,"href":"https:\/\/blogs.elcomercio.es\/largo_de_cafe\/wp-json\/wp\/v2\/posts\/5712\/revisions"}],"predecessor-version":[{"id":5713,"href":"https:\/\/blogs.elcomercio.es\/largo_de_cafe\/wp-json\/wp\/v2\/posts\/5712\/revisions\/5713"}],"wp:attachment":[{"href":"https:\/\/blogs.elcomercio.es\/largo_de_cafe\/wp-json\/wp\/v2\/media?parent=5712"}],"wp:term":[{"taxonomy":"category","embeddable":true,"href":"https:\/\/blogs.elcomercio.es\/largo_de_cafe\/wp-json\/wp\/v2\/categories?post=5712"},{"taxonomy":"post_tag","embeddable":true,"href":"https:\/\/blogs.elcomercio.es\/largo_de_cafe\/wp-json\/wp\/v2\/tags?post=5712"}],"curies":[{"name":"wp","href":"https:\/\/api.w.org\/{rel}","templated":true}]}}