{"id":5718,"date":"2019-05-03T22:02:49","date_gmt":"2019-05-03T20:02:49","guid":{"rendered":"https:\/\/blogs.elcomercio.es\/largo_de_cafe\/?p=5718"},"modified":"2019-05-03T22:02:49","modified_gmt":"2019-05-03T20:02:49","slug":"los-dos-bandos-del-pp","status":"publish","type":"post","link":"https:\/\/blogs.elcomercio.es\/largo_de_cafe\/2019\/05\/03\/los-dos-bandos-del-pp\/","title":{"rendered":"LOS DOS BANDOS DEL PP"},"content":{"rendered":"<div class=\"clear\">\n<div id=\"testArtCol_a\" class=\"art-layout-a\">\n<p>Reuni\u00f3n del comit\u00e9 ejecutivo regional del PP, presidida por Mercedes Fern\u00e1ndez, para analizar el resultado de las elecciones generales y ultimar la estrategia ante los comicios auton\u00f3micos. \u2018Cherines\u2019 calific\u00f3 de \u00abmal\u00edsimo\u00bb el saldo logrado en las urnas. Un hecho del que, seg\u00fan ella, no cabr\u00eda inferir ninguna censura hacia Pablo Casado porque gan\u00f3 el congreso nacional del PP de forma \u00abirreprochable\u00bb. Seg\u00fan esa forma de argumentar ning\u00fan descalabro electoral puede llevar aparejado un coste pol\u00edtico hasta que se celebre el congreso de turno. Record\u00f3 que ella gan\u00f3 el congreso del PP asturiano de forma \u00abpulcra\u00bb y tambi\u00e9n \u00abirreprochable\u00bb. En base a esa legitimidad de origen reivindic\u00f3 la competencia de la direcci\u00f3n regional para aprobar el programa electoral auton\u00f3mico. Mostradas las credenciales, dio un paso al frente para mostrar su competencia al recordar que el programa debe pivotar sobre la bajada de impuestos, la educaci\u00f3n, la sanidad y los servicios sociales. El d\u00eda que se eval\u00fae el programa que perge\u00f1a el equipo de la candidata va a ser muy movido.<\/p>\n<\/div>\n<div id=\"testArtCol_b\" class=\"art-layout-b\">\n<p>Nada m\u00e1s acabar de hablar \u2018Cherines\u2019 entr\u00f3 en la sala Teresa Mallada, que ven\u00eda de cumplir con compromisos relacionados con la campa\u00f1a electoral. Seguro que lament\u00f3 no haber podido escuchar el discurso de la presidenta del partido, pero imagino que sus compa\u00f1eros le habr\u00e1n hecho un resumen al acabar la sesi\u00f3n. El caso es que la reuni\u00f3n se volvi\u00f3 tensa y agria por los cambios que quer\u00eda introducir Mercedes Fern\u00e1ndez en el \u00f3rgano de direcci\u00f3n que inclu\u00eda la permanencia de los diputados que han perdido su acta \u2013estaban de miembros en el comit\u00e9 en raz\u00f3n de su representaci\u00f3n institucional\u2013 y la propuesta de ceses de miembros del sector \u2018malladista\u2019. Al final, los \u2018malladistas\u2019 no quedaron removidos y la decisi\u00f3n qued\u00f3 aplazada para otra reuni\u00f3n.<\/p>\n<p>Una vez m\u00e1s qued\u00f3 claro que la direcci\u00f3n del PP asturiano est\u00e1 dividida en dos bandos, \u2018cherinistas\u2019 y \u2018malladistas\u2019, sin que haya posibilidad de alcanzar una s\u00edntesis. El error lo cometi\u00f3 la direcci\u00f3n nacional del PP dej\u00e1ndose influenciar por personas y grupos que no tienen nada que ver con el partido, y haciendo una propuesta electoral que llevaba directamente al conflicto. Ahora es demasiado tarde para deshacer el entuerto. Faltan tres semanas para las elecciones, Pablo Casado est\u00e1 en una situaci\u00f3n muy peliaguda tras el desastre electoral y la figura de Mallada ha quedado desgastada en la controversia. Las urnas hablar\u00e1n por todos y todas.<\/p>\n<\/div>\n<\/div>\n<!-- AddThis Advanced Settings generic via filter on the_content --><!-- AddThis Share Buttons generic via filter on the_content -->","protected":false},"excerpt":{"rendered":"<p>Reuni\u00f3n del comit\u00e9 ejecutivo regional del PP, presidida por Mercedes Fern\u00e1ndez, para analizar el resultado de las elecciones generales y ultimar la estrategia ante los comicios auton\u00f3micos. \u2018Cherines\u2019 calific\u00f3 de \u00abmal\u00edsimo\u00bb el saldo logrado en las urnas. Un hecho del que, seg\u00fan ella, no cabr\u00eda inferir ninguna censura hacia Pablo Casado porque gan\u00f3 el congreso [&hellip;]<!-- AddThis Advanced Settings generic via filter on get_the_excerpt --><!-- AddThis Share Buttons generic via filter on get_the_excerpt --><\/p>\n","protected":false},"author":2,"featured_media":0,"comment_status":"open","ping_status":"open","sticky":false,"template":"","format":"standard","meta":[],"categories":[1],"tags":[],"_links":{"self":[{"href":"https:\/\/blogs.elcomercio.es\/largo_de_cafe\/wp-json\/wp\/v2\/posts\/5718"}],"collection":[{"href":"https:\/\/blogs.elcomercio.es\/largo_de_cafe\/wp-json\/wp\/v2\/posts"}],"about":[{"href":"https:\/\/blogs.elcomercio.es\/largo_de_cafe\/wp-json\/wp\/v2\/types\/post"}],"author":[{"embeddable":true,"href":"https:\/\/blogs.elcomercio.es\/largo_de_cafe\/wp-json\/wp\/v2\/users\/2"}],"replies":[{"embeddable":true,"href":"https:\/\/blogs.elcomercio.es\/largo_de_cafe\/wp-json\/wp\/v2\/comments?post=5718"}],"version-history":[{"count":1,"href":"https:\/\/blogs.elcomercio.es\/largo_de_cafe\/wp-json\/wp\/v2\/posts\/5718\/revisions"}],"predecessor-version":[{"id":5719,"href":"https:\/\/blogs.elcomercio.es\/largo_de_cafe\/wp-json\/wp\/v2\/posts\/5718\/revisions\/5719"}],"wp:attachment":[{"href":"https:\/\/blogs.elcomercio.es\/largo_de_cafe\/wp-json\/wp\/v2\/media?parent=5718"}],"wp:term":[{"taxonomy":"category","embeddable":true,"href":"https:\/\/blogs.elcomercio.es\/largo_de_cafe\/wp-json\/wp\/v2\/categories?post=5718"},{"taxonomy":"post_tag","embeddable":true,"href":"https:\/\/blogs.elcomercio.es\/largo_de_cafe\/wp-json\/wp\/v2\/tags?post=5718"}],"curies":[{"name":"wp","href":"https:\/\/api.w.org\/{rel}","templated":true}]}}