{"id":5744,"date":"2019-05-16T23:29:06","date_gmt":"2019-05-16T21:29:06","guid":{"rendered":"https:\/\/blogs.elcomercio.es\/largo_de_cafe\/?p=5744"},"modified":"2019-05-16T23:29:06","modified_gmt":"2019-05-16T21:29:06","slug":"el-gobierno-baza-electoral","status":"publish","type":"post","link":"https:\/\/blogs.elcomercio.es\/largo_de_cafe\/2019\/05\/16\/el-gobierno-baza-electoral\/","title":{"rendered":"EL GOBIERNO, BAZA ELECTORAL"},"content":{"rendered":"<div class=\"clear\">\n<div id=\"testArtCol_a\" class=\"art-layout-a\">\n<p>Nadia Calvi\u00f1o, ministra de Econom\u00eda en funciones, viaj\u00f3 a Asturias para conocer los monumentos prerrom\u00e1nicos (se hizo foto junto a Santa Mar\u00eda del Naranco, el \u2018Parten\u00f3n\u2019 del arte asturiano) y visitar el centro de I+D de Thyssen. De esta forma inocente se desvela cu\u00e1l es la estrategia del PSOE para ganar por goleada las elecciones europeas, auton\u00f3micas y municipales: gira del presidente y los ministros por todas las provincias convirtiendo la triple cita electoral del d\u00eda 26 en una segunda vuelta de las elecciones generales. Con el argumento de que hay que completar el trabajo realizado el pasado 28 de abril y apoyados en una nueva entrega de la serie \u2018El Miedo a la Extrema Derecha\u2019, est\u00e1n dispuestos a vencer en las urnas dentro de diez d\u00edas. A Pedro S\u00e1nchez y a su equipo se les puede criticar su acusado oportunismo, la utilizaci\u00f3n electoral del Bolet\u00edn Oficial del Estado, la facilidad con que se rodean de compa\u00f1\u00edas peligrosas o cierta carencia de sentido de Estado, pero no se les puede negar que han acertado al trazar su estrategia para hacerse con el poder. Encabezaron la moci\u00f3n de censura con la idea de cambiar la correlaci\u00f3n de fuerzas desde el Gobierno, cuando eran el cuarto partido en las encuestas. Est\u00e1n a punto de completar el plan y para ello aciertan con la t\u00e1ctica de utilizar al presidente y a los ministros como elementos clave para vencer en ayuntamientos y c\u00e1maras auton\u00f3micas. El PSOE va a ganar y los dem\u00e1s partidos est\u00e1n en la clave de minimizar da\u00f1os o en batallas particulares como la de convertirse en l\u00edder de la familia de la derecha.<\/p>\n<\/div>\n<div id=\"testArtCol_b\" class=\"art-layout-b\">\n<p>Calvi\u00f1o dijo lo que quer\u00edan o\u00edr los asturianos: el Gobierno defiende la implantaci\u00f3n de un arancel ambiental para evitar la competencia desleal de las industrias que operan en pa\u00edses donde no se tienen en cuenta las emisiones de CO2. Lo cierto es que a d\u00eda de hoy el Gobierno no ha cumplido con su promesa de aprobar un estatuto para la industria electrointensiva, que es una herramienta fundamental para evitar cierres y deslocalizaciones, ya que las empresas competidoras de nuestros principales socios europeos pagan un precio por suministro el\u00e9ctrico sensiblemente m\u00e1s bajo. Las industrias de China, Rusia, Turqu\u00eda, etc\u00e9tera, utilizan pr\u00e1cticas ventajistas, sociales y medioambientales, pero en los \u00faltimos a\u00f1os, Alemania y Francia tambi\u00e9n tienen ventajas comparativas con respecto a Espa\u00f1a por las tarifas el\u00e9ctricas. Me conformar\u00eda con que esto \u00faltimo lo resolviera S\u00e1nchez a la mayor brevedad.<\/p>\n<\/div>\n<\/div>\n<!-- AddThis Advanced Settings generic via filter on the_content --><!-- AddThis Share Buttons generic via filter on the_content -->","protected":false},"excerpt":{"rendered":"<p>Nadia Calvi\u00f1o, ministra de Econom\u00eda en funciones, viaj\u00f3 a Asturias para conocer los monumentos prerrom\u00e1nicos (se hizo foto junto a Santa Mar\u00eda del Naranco, el \u2018Parten\u00f3n\u2019 del arte asturiano) y visitar el centro de I+D de Thyssen. De esta forma inocente se desvela cu\u00e1l es la estrategia del PSOE para ganar por goleada las elecciones [&hellip;]<!-- AddThis Advanced Settings generic via filter on get_the_excerpt --><!-- AddThis Share Buttons generic via filter on get_the_excerpt --><\/p>\n","protected":false},"author":2,"featured_media":0,"comment_status":"open","ping_status":"open","sticky":false,"template":"","format":"standard","meta":[],"categories":[1],"tags":[],"_links":{"self":[{"href":"https:\/\/blogs.elcomercio.es\/largo_de_cafe\/wp-json\/wp\/v2\/posts\/5744"}],"collection":[{"href":"https:\/\/blogs.elcomercio.es\/largo_de_cafe\/wp-json\/wp\/v2\/posts"}],"about":[{"href":"https:\/\/blogs.elcomercio.es\/largo_de_cafe\/wp-json\/wp\/v2\/types\/post"}],"author":[{"embeddable":true,"href":"https:\/\/blogs.elcomercio.es\/largo_de_cafe\/wp-json\/wp\/v2\/users\/2"}],"replies":[{"embeddable":true,"href":"https:\/\/blogs.elcomercio.es\/largo_de_cafe\/wp-json\/wp\/v2\/comments?post=5744"}],"version-history":[{"count":1,"href":"https:\/\/blogs.elcomercio.es\/largo_de_cafe\/wp-json\/wp\/v2\/posts\/5744\/revisions"}],"predecessor-version":[{"id":5745,"href":"https:\/\/blogs.elcomercio.es\/largo_de_cafe\/wp-json\/wp\/v2\/posts\/5744\/revisions\/5745"}],"wp:attachment":[{"href":"https:\/\/blogs.elcomercio.es\/largo_de_cafe\/wp-json\/wp\/v2\/media?parent=5744"}],"wp:term":[{"taxonomy":"category","embeddable":true,"href":"https:\/\/blogs.elcomercio.es\/largo_de_cafe\/wp-json\/wp\/v2\/categories?post=5744"},{"taxonomy":"post_tag","embeddable":true,"href":"https:\/\/blogs.elcomercio.es\/largo_de_cafe\/wp-json\/wp\/v2\/tags?post=5744"}],"curies":[{"name":"wp","href":"https:\/\/api.w.org\/{rel}","templated":true}]}}