{"id":5761,"date":"2019-05-24T22:51:12","date_gmt":"2019-05-24T20:51:12","guid":{"rendered":"https:\/\/blogs.elcomercio.es\/largo_de_cafe\/?p=5761"},"modified":"2019-05-24T22:51:12","modified_gmt":"2019-05-24T20:51:12","slug":"hacia-el-centro","status":"publish","type":"post","link":"https:\/\/blogs.elcomercio.es\/largo_de_cafe\/2019\/05\/24\/hacia-el-centro\/","title":{"rendered":"HACIA EL CENTRO"},"content":{"rendered":"<p>Javier Maroto ha realizado una visita a Oviedo en apoyo de la candidatura auton\u00f3mica de Teresa Mallada y del aspirante a la Alcald\u00eda de la capital, Alfredo Canteli. El secretario de organizaci\u00f3n del PP se ha paseado por las calles c\u00e9ntricas de la ciudad acompa\u00f1ado de los dos candidatos a los que ha elogiado: \u00abDos candidatos sobresalientes de cuya mano es posible traer el cambio al Principado\u00bb. Tras la ponderaci\u00f3n, el mensaje: el cambio s\u00f3lo es posible si no se divide el voto del centroderecha. Una per\u00edfrasis para decir que todo ir\u00e1 bien si en vez de votar a los otros tres grupos de la derecha, se escoge la papeleta del Partido Popular \u00bfVer\u00eda bien Maroto que el voto se reagrupase en torno a Ciudadanos? Seguro que no. El secretario de organizaci\u00f3n del PP relaciona el cambio con aplicar pol\u00edticas que creen empleo de calidad. Esa expresi\u00f3n, empleo de calidad, ha hecho fortuna en los \u00faltimos a\u00f1os. Ahora se distingue entre empleo y empleo de calidad. Hay razones para ello, porque cinco millones de espa\u00f1oles tienen un sueldo por debajo del salario m\u00ednimo. Seamos realistas: la generalizaci\u00f3n del empleo de calidad s\u00f3lo ser\u00e1 posible con un salto gigantesco en la cualificaci\u00f3n de la mano de obra. Mientras no se logre esa mejora en la fuerza de trabajo, habr\u00e1 un sector importante de la poblaci\u00f3n condenada a vivir en los umbrales de la pobreza.<\/p>\n<div id=\"testArtCol_b\" class=\"art-layout-b\">\n<p>Maroto fue el responsable del PP en la campa\u00f1a de las elecciones generales. Nada m\u00e1s sufrir el batacazo en la urnas, Pablo Casado tom\u00f3 la decisi\u00f3n de dejarlo exonerado de coordinar la campa\u00f1a de las elecciones europeas, auton\u00f3micas y municipales. Se estren\u00f3 nuevo slogan: \u2018Centrados en tu futuro\u2019. Un lema que se puede resumir en una sola palabra: centrados. Si primero se corr\u00eda hacia la derecha, ahora toca hacerlo en sentido contrario para llegar al centro. Est\u00e1n en ello. Mercedes Fern\u00e1ndez aprovech\u00f3 el cambio de estrategia para criticar duramente a Maroto delante de la plana mayor del PP. Preguntado por la petici\u00f3n de Luis Venta de Cueli de ser restituido en sus cargos, tras haberse negado el Tribunal Superior de Justicia de Asturias a hacerse cargo de las diligencias abiertas contra \u00e9l, Maroto se\u00f1al\u00f3 que \u00abhoy hablamos de la campa\u00f1a y del mejor proyecto que es el del PP\u00bb. Como dec\u00eda Jordi Pujol, \u00abno toca\u00bb. A ver si aprenden los periodistas a no ser impertinentes y tratar las cosas cuando se lo digan los pol\u00edticos. Preguntar por los problemas internos del PP es una menudencia al lado del paseo de Maroto por El Font\u00e1n. Otro mitin.<\/p>\n<\/div>\n<!-- AddThis Advanced Settings generic via filter on the_content --><!-- AddThis Share Buttons generic via filter on the_content -->","protected":false},"excerpt":{"rendered":"<p>Javier Maroto ha realizado una visita a Oviedo en apoyo de la candidatura auton\u00f3mica de Teresa Mallada y del aspirante a la Alcald\u00eda de la capital, Alfredo Canteli. El secretario de organizaci\u00f3n del PP se ha paseado por las calles c\u00e9ntricas de la ciudad acompa\u00f1ado de los dos candidatos a los que ha elogiado: \u00abDos [&hellip;]<!-- AddThis Advanced Settings generic via filter on get_the_excerpt --><!-- AddThis Share Buttons generic via filter on get_the_excerpt --><\/p>\n","protected":false},"author":2,"featured_media":0,"comment_status":"open","ping_status":"open","sticky":false,"template":"","format":"standard","meta":[],"categories":[1],"tags":[],"_links":{"self":[{"href":"https:\/\/blogs.elcomercio.es\/largo_de_cafe\/wp-json\/wp\/v2\/posts\/5761"}],"collection":[{"href":"https:\/\/blogs.elcomercio.es\/largo_de_cafe\/wp-json\/wp\/v2\/posts"}],"about":[{"href":"https:\/\/blogs.elcomercio.es\/largo_de_cafe\/wp-json\/wp\/v2\/types\/post"}],"author":[{"embeddable":true,"href":"https:\/\/blogs.elcomercio.es\/largo_de_cafe\/wp-json\/wp\/v2\/users\/2"}],"replies":[{"embeddable":true,"href":"https:\/\/blogs.elcomercio.es\/largo_de_cafe\/wp-json\/wp\/v2\/comments?post=5761"}],"version-history":[{"count":1,"href":"https:\/\/blogs.elcomercio.es\/largo_de_cafe\/wp-json\/wp\/v2\/posts\/5761\/revisions"}],"predecessor-version":[{"id":5762,"href":"https:\/\/blogs.elcomercio.es\/largo_de_cafe\/wp-json\/wp\/v2\/posts\/5761\/revisions\/5762"}],"wp:attachment":[{"href":"https:\/\/blogs.elcomercio.es\/largo_de_cafe\/wp-json\/wp\/v2\/media?parent=5761"}],"wp:term":[{"taxonomy":"category","embeddable":true,"href":"https:\/\/blogs.elcomercio.es\/largo_de_cafe\/wp-json\/wp\/v2\/categories?post=5761"},{"taxonomy":"post_tag","embeddable":true,"href":"https:\/\/blogs.elcomercio.es\/largo_de_cafe\/wp-json\/wp\/v2\/tags?post=5761"}],"curies":[{"name":"wp","href":"https:\/\/api.w.org\/{rel}","templated":true}]}}