{"id":5763,"date":"2019-05-25T17:09:38","date_gmt":"2019-05-25T15:09:38","guid":{"rendered":"https:\/\/blogs.elcomercio.es\/largo_de_cafe\/?p=5763"},"modified":"2019-05-25T17:09:38","modified_gmt":"2019-05-25T15:09:38","slug":"meditacion","status":"publish","type":"post","link":"https:\/\/blogs.elcomercio.es\/largo_de_cafe\/2019\/05\/25\/meditacion\/","title":{"rendered":"MEDITACI\u00d3N"},"content":{"rendered":"<div class=\"clear\">\n<div id=\"testArtCol_a\" class=\"art-layout-a\">\n<p>Jornada de reflexi\u00f3n. Hay que pensar en los candidatos, es una orden. D\u00eda de meditaci\u00f3n, como los ejercicios espirituales de anta\u00f1o o el yoga del presente. Las empresas demosc\u00f3picas dicen que cada vez hay m\u00e1s gente que deja la decisi\u00f3n para \u00faltima hora. Cuesti\u00f3n de modas. Hace cuarenta y dos a\u00f1os, la primera vez que hubo elecciones, en el censo electoral hab\u00eda muchas personas que hab\u00edan vivido la guerra civil. Como los traumas marcan, sab\u00edan lo que iban a votar antes de que Adolfo Su\u00e1rez convocara las elecciones.<\/p>\n<p>Ahora es distinto, se escoge la papeleta, con frecuencia, por antojos. Como a nadie le gusta reconocer que se deja llevar por caprichos en decisiones importantes, se apela al t\u00e9rmino \u2018sensaciones\u2019. Votar por sensaciones.<\/p>\n<\/div>\n<div id=\"testArtCol_b\" class=\"art-layout-b\">\n<p>El fin de la semana de los comicios se habla por la calle del asunto, y con frecuencia se oyen expresiones como \u00abme cae bien\u00bb o \u00abme cae mal\u00bb. Pues eso, sensaciones. Instalados en el terreno de la irracionalidad, la propaganda electoral se torna m\u00e1s dif\u00edcil de explicar. Nunca me hubiera imaginado que la foto en blanco y negro de Pedro S\u00e1nchez para las elecciones generales, colgada de las farolas, movilizara el voto. Est\u00e1 claro que funcion\u00f3, as\u00ed que el truco es convertir a un guaperas en un tipo gris con gesto severo para que el p\u00fablico empatice con \u00e9l. Ma\u00f1ana se vota en tres urnas para tres cometidos diferentes. Anta\u00f1o, con la ideolog\u00eda como br\u00fajula, se eleg\u00eda el mismo partido para las tres urnas. Ahora es distinto. Aunque en los pa\u00edses cat\u00f3licos se oculta el voto, conozco a tres personas que espont\u00e1neamente me dieron a conocer sus preferencias electorales, y en cada urna van a votar a un partido distinto en funci\u00f3n de c\u00f3mo les cae el cabeza de lista. Es probable que dentro de unos meses no recuerden a qui\u00e9n votaron. No se les podr\u00e1 afear el olvido porque la fidelidad en pol\u00edtica tiene que ver m\u00e1s con cadenas que con esp\u00edritus libres. Para poder votar a un mismo partido toda la vida es preciso no leer los peri\u00f3dicos.<\/p>\n<p>Para el Principado nos dan a escoger entre tres candidatos de las cuencas mineras, tres de Gij\u00f3n y una de Castrill\u00f3n. M\u00e1s o menos como siempre. En Oviedo no hay cantera: solo sali\u00f3 una vez un presidente y dur\u00f3 dos a\u00f1os. Tengo un amigo que es m\u00e1s gijon\u00e9s que el Piles y dice que Oviedo lo mangonea todo. Ser\u00e1 por la burocracia. El mayor cambio entre los candidatos de ahora y los de anteriores elecciones estriba en la edad. La clase pol\u00edtica apuesta por el rejuvenecimiento. Por fin un rasgo demogr\u00e1fico positivo en Asturias.<\/p>\n<\/div>\n<\/div>\n<!-- AddThis Advanced Settings generic via filter on the_content --><!-- AddThis Share Buttons generic via filter on the_content -->","protected":false},"excerpt":{"rendered":"<p>Jornada de reflexi\u00f3n. Hay que pensar en los candidatos, es una orden. D\u00eda de meditaci\u00f3n, como los ejercicios espirituales de anta\u00f1o o el yoga del presente. Las empresas demosc\u00f3picas dicen que cada vez hay m\u00e1s gente que deja la decisi\u00f3n para \u00faltima hora. Cuesti\u00f3n de modas. Hace cuarenta y dos a\u00f1os, la primera vez que [&hellip;]<!-- AddThis Advanced Settings generic via filter on get_the_excerpt --><!-- AddThis Share Buttons generic via filter on get_the_excerpt --><\/p>\n","protected":false},"author":2,"featured_media":0,"comment_status":"open","ping_status":"open","sticky":false,"template":"","format":"standard","meta":[],"categories":[1],"tags":[],"_links":{"self":[{"href":"https:\/\/blogs.elcomercio.es\/largo_de_cafe\/wp-json\/wp\/v2\/posts\/5763"}],"collection":[{"href":"https:\/\/blogs.elcomercio.es\/largo_de_cafe\/wp-json\/wp\/v2\/posts"}],"about":[{"href":"https:\/\/blogs.elcomercio.es\/largo_de_cafe\/wp-json\/wp\/v2\/types\/post"}],"author":[{"embeddable":true,"href":"https:\/\/blogs.elcomercio.es\/largo_de_cafe\/wp-json\/wp\/v2\/users\/2"}],"replies":[{"embeddable":true,"href":"https:\/\/blogs.elcomercio.es\/largo_de_cafe\/wp-json\/wp\/v2\/comments?post=5763"}],"version-history":[{"count":1,"href":"https:\/\/blogs.elcomercio.es\/largo_de_cafe\/wp-json\/wp\/v2\/posts\/5763\/revisions"}],"predecessor-version":[{"id":5764,"href":"https:\/\/blogs.elcomercio.es\/largo_de_cafe\/wp-json\/wp\/v2\/posts\/5763\/revisions\/5764"}],"wp:attachment":[{"href":"https:\/\/blogs.elcomercio.es\/largo_de_cafe\/wp-json\/wp\/v2\/media?parent=5763"}],"wp:term":[{"taxonomy":"category","embeddable":true,"href":"https:\/\/blogs.elcomercio.es\/largo_de_cafe\/wp-json\/wp\/v2\/categories?post=5763"},{"taxonomy":"post_tag","embeddable":true,"href":"https:\/\/blogs.elcomercio.es\/largo_de_cafe\/wp-json\/wp\/v2\/tags?post=5763"}],"curies":[{"name":"wp","href":"https:\/\/api.w.org\/{rel}","templated":true}]}}