{"id":5767,"date":"2019-05-27T18:38:00","date_gmt":"2019-05-27T16:38:00","guid":{"rendered":"https:\/\/blogs.elcomercio.es\/largo_de_cafe\/?p=5767"},"modified":"2019-05-27T18:38:00","modified_gmt":"2019-05-27T16:38:00","slug":"psoe-suma-y-sigue","status":"publish","type":"post","link":"https:\/\/blogs.elcomercio.es\/largo_de_cafe\/2019\/05\/27\/psoe-suma-y-sigue\/","title":{"rendered":"PSOE, SUMA Y SIGUE"},"content":{"rendered":"<div class=\"clear\">\n<div id=\"testArtCol_a\" class=\"art-layout-a\">\n<p>Impresionante victoria socialista en el Principado y la mayor\u00eda de los ayuntamientos de la regi\u00f3n. Una m\u00e1s, y van ocho en las diez convocatorias electorales habidas a lo largo de la etapa auton\u00f3mica. La fuerte renovaci\u00f3n realizada en la candidatura, con Adri\u00e1n Barb\u00f3n a la cabeza, ha sido refrendada masivamente por el cuerpo electoral. Para encontrar una diferencia tan grande en el n\u00famero de diputados entre los dos primeros partidos hay que retrotraerse a las primeras elecciones de 1983. Los que cre\u00edan que el PSOE se desmoronar\u00eda sin sus figuras de culto se han equivocado rotundamente. Las otras dos candidaturas de izquierda, Podemos e IU, han sido las grandes perjudicadas. El partido morado baja de nueve a cuatro diputados e IU se queda en dos esca\u00f1os, el peor resultado desde su creaci\u00f3n. A Podemos le han perjudicado las guerras internas entre sus referentes nacionales, as\u00ed como algunas actuaciones extravagantes (Galapagar). A IU le ha da\u00f1ado la espantada de Llamazares. Por bloques ideol\u00f3gicos la izquierda mantiene la mayor\u00eda absoluta en la Junta General del Principado. Dato clave para la sesi\u00f3n de investidura. Se mantiene la t\u00f3nica dominante, ya que solo una vez (mayo de 2011), la derecha alcanz\u00f3 la mayor\u00eda absoluta.<\/p>\n<\/div>\n<div id=\"testArtCol_b\" class=\"art-layout-b\">\n<p>Las cuatro derechas juntas no han podido desplazar al PSOE, su principal objetivo a juzgar por las declaraciones de sus portavoces. A lo largo de la noche electoral uno de los centros de inter\u00e9s estuvo en el pulso interno por la primogenitura de la derecha, resistiendo holgadamente el PP el intento de sobrepasarle de Ciudadanos, al duplicarle en esca\u00f1os. La mejora de Ciudadanos fue muy modesta, inferior a la lograda en los ayuntamientos de Gij\u00f3n y Oviedo. Mallada ser\u00e1 la l\u00edder de la oposici\u00f3n con un PP que no pudo despegarse de su suelo hist\u00f3rico: diez diputados. Vox entra en el Parlamento, con menos fuerza de la que se preve\u00eda hace un par de meses, pero resistiendo la fuerte campa\u00f1a que les culpaba de la derrota de Pablo Casado en las elecciones generales. Un notable. Foro mejor\u00f3 las previsiones de las encuestas, pero sigue la cuesta abajo. Fuerte bajada en el Ayuntamiento de Gij\u00f3n y cero ediles en Oviedo y Avil\u00e9s.<\/p>\n<p>En el Ayuntamiento de Gij\u00f3n, la izquierda vuelve a hacerse con la mayor\u00eda, tras la victoria del PSOE que saca tantos ediles como la suma de los tres partidos que le siguen. En el Ayuntamiento de Oviedo, la derecha alcanza la mayor\u00eda, benefici\u00e1ndose de la cr\u00edtica al tripartito. Canteli, alcalde \u2018in pactore\u2019. Resumen general: goleada en las urnas.<\/p>\n<\/div>\n<\/div>\n<!-- AddThis Advanced Settings generic via filter on the_content --><!-- AddThis Share Buttons generic via filter on the_content -->","protected":false},"excerpt":{"rendered":"<p>Impresionante victoria socialista en el Principado y la mayor\u00eda de los ayuntamientos de la regi\u00f3n. Una m\u00e1s, y van ocho en las diez convocatorias electorales habidas a lo largo de la etapa auton\u00f3mica. La fuerte renovaci\u00f3n realizada en la candidatura, con Adri\u00e1n Barb\u00f3n a la cabeza, ha sido refrendada masivamente por el cuerpo electoral. Para [&hellip;]<!-- AddThis Advanced Settings generic via filter on get_the_excerpt --><!-- AddThis Share Buttons generic via filter on get_the_excerpt --><\/p>\n","protected":false},"author":2,"featured_media":0,"comment_status":"open","ping_status":"open","sticky":false,"template":"","format":"standard","meta":[],"categories":[1],"tags":[],"_links":{"self":[{"href":"https:\/\/blogs.elcomercio.es\/largo_de_cafe\/wp-json\/wp\/v2\/posts\/5767"}],"collection":[{"href":"https:\/\/blogs.elcomercio.es\/largo_de_cafe\/wp-json\/wp\/v2\/posts"}],"about":[{"href":"https:\/\/blogs.elcomercio.es\/largo_de_cafe\/wp-json\/wp\/v2\/types\/post"}],"author":[{"embeddable":true,"href":"https:\/\/blogs.elcomercio.es\/largo_de_cafe\/wp-json\/wp\/v2\/users\/2"}],"replies":[{"embeddable":true,"href":"https:\/\/blogs.elcomercio.es\/largo_de_cafe\/wp-json\/wp\/v2\/comments?post=5767"}],"version-history":[{"count":1,"href":"https:\/\/blogs.elcomercio.es\/largo_de_cafe\/wp-json\/wp\/v2\/posts\/5767\/revisions"}],"predecessor-version":[{"id":5768,"href":"https:\/\/blogs.elcomercio.es\/largo_de_cafe\/wp-json\/wp\/v2\/posts\/5767\/revisions\/5768"}],"wp:attachment":[{"href":"https:\/\/blogs.elcomercio.es\/largo_de_cafe\/wp-json\/wp\/v2\/media?parent=5767"}],"wp:term":[{"taxonomy":"category","embeddable":true,"href":"https:\/\/blogs.elcomercio.es\/largo_de_cafe\/wp-json\/wp\/v2\/categories?post=5767"},{"taxonomy":"post_tag","embeddable":true,"href":"https:\/\/blogs.elcomercio.es\/largo_de_cafe\/wp-json\/wp\/v2\/tags?post=5767"}],"curies":[{"name":"wp","href":"https:\/\/api.w.org\/{rel}","templated":true}]}}