{"id":5769,"date":"2019-05-28T19:57:22","date_gmt":"2019-05-28T17:57:22","guid":{"rendered":"https:\/\/blogs.elcomercio.es\/largo_de_cafe\/?p=5769"},"modified":"2019-05-28T19:57:22","modified_gmt":"2019-05-28T17:57:22","slug":"el-ciclo-de-barbon","status":"publish","type":"post","link":"https:\/\/blogs.elcomercio.es\/largo_de_cafe\/2019\/05\/28\/el-ciclo-de-barbon\/","title":{"rendered":"EL CICLO DE BARB\u00d3N"},"content":{"rendered":"<div id=\"testArtCol_a\" class=\"art-layout-a\">\n<p>La aplastante victoria socialista produce desorientaci\u00f3n. No es normal ver al PSOE ganando en los ayuntamientos de Llanera, Goz\u00f3n, Villaviciosa o quedando a un concejal del PP en Oviedo. Tampoco es habitual que sus rivales, por la izquierda y por la derecha, obtengan los registros m\u00e1s bajos de su historia: PP, Podemos, Foro e IU se han ido a m\u00ednimos en el Principado. Si a esto a\u00f1adimos que las encuestas no anticipaban las dimensiones de la victoria socialista, el pasmo est\u00e1 justificado.<\/p>\n<p>El mapa electoral asturiano tuvo un desarrollo muy homog\u00e9neo hasta que Cascos, en 2011, cre\u00f3 Foro y gan\u00f3 las elecciones. Las gr\u00e1ficas del PSOE y del PP se precipitaron hacia el suelo. Luego, en 2015, llegaron los nuevos partidos, Podemos y Ciudadanos, y se ampli\u00f3 el reparto de esca\u00f1os.<\/p>\n<p><strong>Recuperaci\u00f3n<\/strong><\/p>\n<p>El domingo, el PSOE se recuper\u00f3 de los golpes electorales recibidos en 2011 y 2015, y la candidatura encabezada por Adri\u00e1n Barb\u00f3n alcanz\u00f3 una cuota de esca\u00f1os similar a las de la etapa de \u00c1lvarez Areces: 21 esca\u00f1os en 2007 y 20 esca\u00f1os en 2019. Con una particularidad: hace doce a\u00f1os la candidatura socialista compet\u00eda contra PP e IU, mientras que ahora la disputa es contra seis partidos, a la vez, PP e IU entre ellos.<\/p>\n<p>El PP, eterno rival del PSOE, sigue atascado en la debacle de 2011. Ya hubo otras tres elecciones auton\u00f3micas, y los populares obtuvieron diez y once esca\u00f1os con Mercedes Fern\u00e1ndez (2012 y 215) y diez con Teresa Mallada (2019). Los mismos que sac\u00f3 Isabel P\u00e9rez Espinosa en 2011.<\/p>\n<p>\u00bfC\u00f3mo podemos definir el nuevo mapa electoral asturiano? Los polit\u00f3logos nos han inducido al error de llamar bipartidismo a todo lo que suced\u00eda antes de la irrupci\u00f3n de Podemos y Ciudadanos. Falso.<\/p>\n<p>En las tres primeras legislaturas de Felipe Gonz\u00e1lez el PP no pas\u00f3 de 107 esca\u00f1os y el PSOE no baj\u00f3 de 175 \u00bfSe puede llamar a eso bipartidismo? Para que haya bipartidismo el segundo partido debe ser una potencial alternativa de gobierno, algo inexistente con Fraga, Hern\u00e1ndez Mancha y el primer Aznar. Y entre los dos partidos deben pasar de 300 esca\u00f1os en el Congreso de los Diputados, dejando al resto en cifras m\u00ednimas.<\/p>\n<p>Lo mismo pas\u00f3 en Asturias. En las primeras legislaturas auton\u00f3micas, el PSOE ten\u00eda mayor\u00eda absoluta, o todos los partidos se ten\u00edan que unir para lograr algunos esca\u00f1os m\u00e1s que los socialistas. Ejemplo de esto \u00faltimo fue la tercera legislatura, donde la heterog\u00e9nea suma de PP, CDS, IU y PAS alcanza tres diputados m\u00e1s que el PSOE. No hab\u00eda alternativa al Gobierno socialista.<\/p>\n<p>En Espa\u00f1a, el bipartidismo nace en 1993, con los 141 esca\u00f1os del PP de Aznar (PSOE, 156). En Asturias nace con Sergio Marqu\u00e9s en 1995. En la primera d\u00e9cada del siglo XXI, el bipartidismo goza de su edad de oro en el Congreso de los Diputados (324 esca\u00f1os) y en la Junta General del Principado (41 diputados).<\/p>\n<\/div>\n<div id=\"testArtCol_b\" class=\"art-layout-b\">\n<p><strong>Hiperpartido<\/strong><\/p>\n<p>Desde 2015 se habla de la muerte del bipartidismo y el nacimiento de un modelo pluripartidista, con cuatro grandes partidos. \u00bfEn qu\u00e9 modelo encaja la traza marcada por las urnas del 26 de mayo?<\/p>\n<p>El PSOE tiene veinte diputados y el PP, diez, mientras el resto de partidos acumula 15 esca\u00f1os. No hay bipartidismo que valga. Hay un partido hegem\u00f3nico y el resto se entrega a afanes menores: disputa por el liderazgo en el seno de una misma familia ideol\u00f3gica, coaliciones electorales, ampliaciones del grupo mixto, etc\u00e9tera.<\/p>\n<p>A prop\u00f3sito: cuando se desintegr\u00f3 la URSS los franceses llamaron hiperpotencia a EE UU para significar que era un pa\u00eds mucho m\u00e1s fuerte que el resto. Ya no hab\u00eda dos potencias. Salvando todas las distancias que haya que salvar, a escala de partidos ocurre algo as\u00ed en Asturias.<\/p>\n<p>El reencuentro con el electorado lo logr\u00f3 el PSOE a caballo de un modelo de partido y una l\u00ednea pol\u00edtica marcada por Pedro S\u00e1nchez. El \u2018sanchismo\u2019 ha relanzado a un partido que estaba en decadencia. Desde estas l\u00edneas hemos criticado duramente el oportunismo del presidente del Gobierno, en muchas ocasiones, pero los frutos electorales son incuestionables.<\/p>\n<p>Es importante que Adri\u00e1n Barb\u00f3n extraiga lo mejor del personaje para evitar quedar encerrado en el palacio de Su\u00e1rez de la Riva tras la investidura, que los veinte diputados convertir\u00e1n en un mero tr\u00e1mite. Que prefiera desplazarse a cualquier punto de la regi\u00f3n para ver con sus ojos los problemas antes que quedarse aderezando los discursos con citas de wikipedia.<\/p>\n<p><strong>An\u00edbal<\/strong><\/p>\n<p>En una regi\u00f3n que hemos vistos subidos al pedestal y, luego, apeados, a sucesivos l\u00edderes pol\u00edticos, toca subrayar que el gran capital de un pol\u00edtico es la credibilidad.<\/p>\n<p>A escala municipal, tenemos el ejemplo en An\u00edbal V\u00e1zquez (IU) que sac\u00f3 el domingo, en Mieres, el 60% de los votos. Recibi\u00f3 un ayuntamiento en la bancarrota, lider\u00f3 un plan de ajuste enfrent\u00e1ndose a los funcionarios e invirti\u00f3 en este mandato tanto como el tripartito ovetense. Ocho a\u00f1os m\u00e1s tarde, la credibilidad de An\u00edbal se ha acrecentado, cuando hay por ah\u00ed tanto alcalde devaluado.<\/p>\n<p>Adri\u00e1n Barb\u00f3n, abriendo un nuevo ciclo pol\u00edtico para un partido tan acostumbrado a gobernar, y An\u00edbal V\u00e1zquez, como s\u00edmbolo de una izquierda que estaba acomodada a la derrota, son los dos personajes del domingo electoral.<\/p>\n<\/div>\n<!-- AddThis Advanced Settings generic via filter on the_content --><!-- AddThis Share Buttons generic via filter on the_content -->","protected":false},"excerpt":{"rendered":"<p>La aplastante victoria socialista produce desorientaci\u00f3n. No es normal ver al PSOE ganando en los ayuntamientos de Llanera, Goz\u00f3n, Villaviciosa o quedando a un concejal del PP en Oviedo. Tampoco es habitual que sus rivales, por la izquierda y por la derecha, obtengan los registros m\u00e1s bajos de su historia: PP, Podemos, Foro e IU [&hellip;]<!-- AddThis Advanced Settings generic via filter on get_the_excerpt --><!-- AddThis Share Buttons generic via filter on get_the_excerpt --><\/p>\n","protected":false},"author":2,"featured_media":0,"comment_status":"open","ping_status":"open","sticky":false,"template":"","format":"standard","meta":[],"categories":[1],"tags":[],"_links":{"self":[{"href":"https:\/\/blogs.elcomercio.es\/largo_de_cafe\/wp-json\/wp\/v2\/posts\/5769"}],"collection":[{"href":"https:\/\/blogs.elcomercio.es\/largo_de_cafe\/wp-json\/wp\/v2\/posts"}],"about":[{"href":"https:\/\/blogs.elcomercio.es\/largo_de_cafe\/wp-json\/wp\/v2\/types\/post"}],"author":[{"embeddable":true,"href":"https:\/\/blogs.elcomercio.es\/largo_de_cafe\/wp-json\/wp\/v2\/users\/2"}],"replies":[{"embeddable":true,"href":"https:\/\/blogs.elcomercio.es\/largo_de_cafe\/wp-json\/wp\/v2\/comments?post=5769"}],"version-history":[{"count":1,"href":"https:\/\/blogs.elcomercio.es\/largo_de_cafe\/wp-json\/wp\/v2\/posts\/5769\/revisions"}],"predecessor-version":[{"id":5770,"href":"https:\/\/blogs.elcomercio.es\/largo_de_cafe\/wp-json\/wp\/v2\/posts\/5769\/revisions\/5770"}],"wp:attachment":[{"href":"https:\/\/blogs.elcomercio.es\/largo_de_cafe\/wp-json\/wp\/v2\/media?parent=5769"}],"wp:term":[{"taxonomy":"category","embeddable":true,"href":"https:\/\/blogs.elcomercio.es\/largo_de_cafe\/wp-json\/wp\/v2\/categories?post=5769"},{"taxonomy":"post_tag","embeddable":true,"href":"https:\/\/blogs.elcomercio.es\/largo_de_cafe\/wp-json\/wp\/v2\/tags?post=5769"}],"curies":[{"name":"wp","href":"https:\/\/api.w.org\/{rel}","templated":true}]}}