{"id":5798,"date":"2019-06-08T23:35:19","date_gmt":"2019-06-08T21:35:19","guid":{"rendered":"https:\/\/blogs.elcomercio.es\/largo_de_cafe\/?p=5798"},"modified":"2019-06-08T23:35:19","modified_gmt":"2019-06-08T21:35:19","slug":"la-despedida-de-martinez","status":"publish","type":"post","link":"https:\/\/blogs.elcomercio.es\/largo_de_cafe\/2019\/06\/08\/la-despedida-de-martinez\/","title":{"rendered":"LA DESPEDIDA DE MART\u00cdNEZ"},"content":{"rendered":"<div class=\"clear\">\n<div id=\"testArtCol_a\" class=\"art-layout-a\">\n<p>En la rueda de prensa posterior al Consejo de Gobierno, Guillermo Mart\u00ednez aprovech\u00f3 la ocasi\u00f3n para decir que \u00abno voy a continuar en la actividad pol\u00edtica\u00bb. La afirmaci\u00f3n del consejero de Presidencia no caus\u00f3 sorpresa ya que el tiempo del Gobierno en funciones se agota y el equipo de Adri\u00e1n Barb\u00f3n tomar\u00e1 el relevo. Hay dos formas de seguir en la pol\u00edtica institucional: formando parte de una candidatura electoral a los parlamentos o corporaciones municipales, o siendo elegido a dedo por un responsable pol\u00edtico para formar parte de la Administraci\u00f3n. En su trayectoria p\u00fablica, Guillermo Mart\u00ednez conoci\u00f3 las dos modalidades: fue director del Instituto Asturiano de la Juventud, por decisi\u00f3n del presidente \u00c1lvarez Areces, y consejero de Presidencia, nombrado por el presidente Javier Fern\u00e1ndez, y desempe\u00f1\u00f3 el cargo de alcalde de Siero, tras ser elegido concejal por el voto de los ciudadanos.<\/p>\n<\/div>\n<div id=\"testArtCol_b\" class=\"art-layout-b\">\n<p>Las dos v\u00edas estaban ahora cerradas, ya que no particip\u00f3 en ninguna candidatura electoral \u2013ni en los comicios del 28 de abril ni en los del 26 de mayo\u2013, ni se integr\u00f3 en la corriente de renovaci\u00f3n socialista que supuso el triunfo de Adri\u00e1n Barb\u00f3n en el \u00faltimo congreso de la FSA. Todos los miembros del actual Ejecutivo socialista estuvieron presentes en los actos del PSOE en las dos \u00faltimas campa\u00f1as electorales, con la excepci\u00f3n del presidente del Principado y su consejero de Presidencia. De su actitud se desprend\u00eda que Guillermo Mart\u00ednez no quer\u00eda mantener vinculaci\u00f3n con el equipo ganador de las elecciones auton\u00f3micas. Es probable que su voluntaria marginaci\u00f3n del proceso de integraci\u00f3n socialista, que abarca pr\u00e1cticamente a toda la organizaci\u00f3n (Fernando Lastra, uno de los dirigentes que m\u00e1s atac\u00f3 al \u2018sanchismo\u2019, ya tiene el acta de senador), responda m\u00e1s a un sentimiento de lealtad debida que a insuperables discrepancias pol\u00edticas.<\/p>\n<p>Guillermo Mart\u00ednez entr\u00f3 muy pronto en pol\u00edtica de la mano de Antonio Trev\u00edn, una de las principales figuras del socialismo asturiano en las \u00faltimas d\u00e9cadas. Moderado, trabajador, discreto, conciliador. Si miro hacia atr\u00e1s, veo a Guillermo Mart\u00ednez en primera l\u00ednea, dando la cara, tomando decisiones ante las grandes emergencias colectivas, como los devastadores incendios que asolaron Asturias durante los \u00faltimos a\u00f1os. Una labor impecable. Fue un excelente colaborador dentro de un gobierno de perfil bajo. Como de todos es sabido, los perfiles gubernamentales no son cincelados por los consejeros.<\/p>\n<\/div>\n<\/div>\n<!-- AddThis Advanced Settings generic via filter on the_content --><!-- AddThis Share Buttons generic via filter on the_content -->","protected":false},"excerpt":{"rendered":"<p>En la rueda de prensa posterior al Consejo de Gobierno, Guillermo Mart\u00ednez aprovech\u00f3 la ocasi\u00f3n para decir que \u00abno voy a continuar en la actividad pol\u00edtica\u00bb. La afirmaci\u00f3n del consejero de Presidencia no caus\u00f3 sorpresa ya que el tiempo del Gobierno en funciones se agota y el equipo de Adri\u00e1n Barb\u00f3n tomar\u00e1 el relevo. Hay [&hellip;]<!-- AddThis Advanced Settings generic via filter on get_the_excerpt --><!-- AddThis Share Buttons generic via filter on get_the_excerpt --><\/p>\n","protected":false},"author":2,"featured_media":0,"comment_status":"open","ping_status":"open","sticky":false,"template":"","format":"standard","meta":[],"categories":[1],"tags":[],"_links":{"self":[{"href":"https:\/\/blogs.elcomercio.es\/largo_de_cafe\/wp-json\/wp\/v2\/posts\/5798"}],"collection":[{"href":"https:\/\/blogs.elcomercio.es\/largo_de_cafe\/wp-json\/wp\/v2\/posts"}],"about":[{"href":"https:\/\/blogs.elcomercio.es\/largo_de_cafe\/wp-json\/wp\/v2\/types\/post"}],"author":[{"embeddable":true,"href":"https:\/\/blogs.elcomercio.es\/largo_de_cafe\/wp-json\/wp\/v2\/users\/2"}],"replies":[{"embeddable":true,"href":"https:\/\/blogs.elcomercio.es\/largo_de_cafe\/wp-json\/wp\/v2\/comments?post=5798"}],"version-history":[{"count":1,"href":"https:\/\/blogs.elcomercio.es\/largo_de_cafe\/wp-json\/wp\/v2\/posts\/5798\/revisions"}],"predecessor-version":[{"id":5799,"href":"https:\/\/blogs.elcomercio.es\/largo_de_cafe\/wp-json\/wp\/v2\/posts\/5798\/revisions\/5799"}],"wp:attachment":[{"href":"https:\/\/blogs.elcomercio.es\/largo_de_cafe\/wp-json\/wp\/v2\/media?parent=5798"}],"wp:term":[{"taxonomy":"category","embeddable":true,"href":"https:\/\/blogs.elcomercio.es\/largo_de_cafe\/wp-json\/wp\/v2\/categories?post=5798"},{"taxonomy":"post_tag","embeddable":true,"href":"https:\/\/blogs.elcomercio.es\/largo_de_cafe\/wp-json\/wp\/v2\/tags?post=5798"}],"curies":[{"name":"wp","href":"https:\/\/api.w.org\/{rel}","templated":true}]}}