{"id":5845,"date":"2019-06-27T23:09:03","date_gmt":"2019-06-27T21:09:03","guid":{"rendered":"https:\/\/blogs.elcomercio.es\/largo_de_cafe\/?p=5845"},"modified":"2019-06-27T23:09:03","modified_gmt":"2019-06-27T21:09:03","slug":"prejuicios-ideologicos","status":"publish","type":"post","link":"https:\/\/blogs.elcomercio.es\/largo_de_cafe\/2019\/06\/27\/prejuicios-ideologicos\/","title":{"rendered":"PREJUICIOS IDEOL\u00d3GICOS"},"content":{"rendered":"<div class=\"clear\">\n<div id=\"testArtCol_a\" class=\"art-layout-a\">\n<p>Los diputados de Podemos temen la doble baraja del futuro Gobierno socialista en la Junta General del Principado. Consideran un riesgo que los socialistas pacten a dos bandas, la pol\u00edtica econ\u00f3mica con Ciudadanos y la pol\u00edtica social con el partido morado. No hace falta decir que IU ser\u00e1 el socio fijo en todo tipo de acuerdos, bien votando a favor o absteni\u00e9ndose. Puestos en clave pesimista, cabe un escenario todav\u00eda m\u00e1s adverso para los podemitas: los socialistas llegando a acuerdos con Ciudadanos, Foro e IU, mientras quedan aislados los seguidores de Iglesias, entregados al discurso de la izquierda radical que da tan pocos frutos en las urnas.<\/p>\n<\/div>\n<div id=\"testArtCol_b\" class=\"art-layout-b\">\n<p>La experiencia ense\u00f1a que en el Parlamento regional s\u00f3lo la aprobaci\u00f3n del presupuesto conlleva una negociaci\u00f3n de verdad, con propuestas y contrapropuestas, pese al intento de sus protagonistas por mantenerla oculta a la opini\u00f3n p\u00fablica. El presupuesto se aprueba en bloque, as\u00ed que la separaci\u00f3n entre la pol\u00edtica econ\u00f3mica y social es pura ficci\u00f3n. Fuera del visto bueno al presupuesto lo que queda es gesti\u00f3n. Con la aprobaci\u00f3n de otro tipo de leyes siempre ocurre los mismo, se anuncia una bater\u00eda de normas en el debate de investidura y en los \u00faltimos meses del mandato todo son prisas para aprobar algunas de ellas y no dejar el expediente en blanco. Ni las leyes proceden de demandas sociales ni los propios grupos pol\u00edticos las consideran verdaderamente necesarias.<\/p>\n<p>Los partidos que aspiran a pactar con los socialistas ponen el acento sobre las alianzas, pero no se dice para qu\u00e9 quieren formar determinadas mayor\u00edas de gobierno. Venimos de siete a\u00f1os de pol\u00edtica rutinaria, inercial, dedicada a consumir el gasto corriente. La Asturias de 2019 no es la de 2012, as\u00ed que hay que hacer nuevos planteamientos, corregir muchas cosas y a\u00f1adir otras. Una vez definidos los objetivos, veremos qu\u00e9 partidos los asumen y cu\u00e1les se oponen. Carece de sentido considerarse incompatible con otras fuerzas, de tal manera que el gobierno no pueda pactar, a la vez, con Podemos, Ciudadanos y otros grupos. Las alianzas no pueden construirse desde los prejuicios. Hace cinco a\u00f1os, en el Ayuntamiento de Oviedo, la IU de Roberto S\u00e1nchez Ramos pact\u00f3 presupuestos con el alcalde del PP, Agust\u00edn Iglesias Caunedo, y en las elecciones posteriores aument\u00f3 su cuota de ediles. Otro ejemplo es la renta social gijonesa que fue posible por un acuerdo entre Foro y Podemos (Xix\u00f3n S\u00ed Puede). Es muy pronto para marcar l\u00edneas rojas.<\/p>\n<\/div>\n<\/div>\n<!-- AddThis Advanced Settings generic via filter on the_content --><!-- AddThis Share Buttons generic via filter on the_content -->","protected":false},"excerpt":{"rendered":"<p>Los diputados de Podemos temen la doble baraja del futuro Gobierno socialista en la Junta General del Principado. Consideran un riesgo que los socialistas pacten a dos bandas, la pol\u00edtica econ\u00f3mica con Ciudadanos y la pol\u00edtica social con el partido morado. No hace falta decir que IU ser\u00e1 el socio fijo en todo tipo de [&hellip;]<!-- AddThis Advanced Settings generic via filter on get_the_excerpt --><!-- AddThis Share Buttons generic via filter on get_the_excerpt --><\/p>\n","protected":false},"author":2,"featured_media":0,"comment_status":"open","ping_status":"open","sticky":false,"template":"","format":"standard","meta":[],"categories":[1],"tags":[],"_links":{"self":[{"href":"https:\/\/blogs.elcomercio.es\/largo_de_cafe\/wp-json\/wp\/v2\/posts\/5845"}],"collection":[{"href":"https:\/\/blogs.elcomercio.es\/largo_de_cafe\/wp-json\/wp\/v2\/posts"}],"about":[{"href":"https:\/\/blogs.elcomercio.es\/largo_de_cafe\/wp-json\/wp\/v2\/types\/post"}],"author":[{"embeddable":true,"href":"https:\/\/blogs.elcomercio.es\/largo_de_cafe\/wp-json\/wp\/v2\/users\/2"}],"replies":[{"embeddable":true,"href":"https:\/\/blogs.elcomercio.es\/largo_de_cafe\/wp-json\/wp\/v2\/comments?post=5845"}],"version-history":[{"count":1,"href":"https:\/\/blogs.elcomercio.es\/largo_de_cafe\/wp-json\/wp\/v2\/posts\/5845\/revisions"}],"predecessor-version":[{"id":5846,"href":"https:\/\/blogs.elcomercio.es\/largo_de_cafe\/wp-json\/wp\/v2\/posts\/5845\/revisions\/5846"}],"wp:attachment":[{"href":"https:\/\/blogs.elcomercio.es\/largo_de_cafe\/wp-json\/wp\/v2\/media?parent=5845"}],"wp:term":[{"taxonomy":"category","embeddable":true,"href":"https:\/\/blogs.elcomercio.es\/largo_de_cafe\/wp-json\/wp\/v2\/categories?post=5845"},{"taxonomy":"post_tag","embeddable":true,"href":"https:\/\/blogs.elcomercio.es\/largo_de_cafe\/wp-json\/wp\/v2\/tags?post=5845"}],"curies":[{"name":"wp","href":"https:\/\/api.w.org\/{rel}","templated":true}]}}