{"id":5913,"date":"2019-07-25T21:47:26","date_gmt":"2019-07-25T19:47:26","guid":{"rendered":"https:\/\/blogs.elcomercio.es\/largo_de_cafe\/?p=5913"},"modified":"2019-07-25T21:47:26","modified_gmt":"2019-07-25T19:47:26","slug":"el-noroeste-se-mueve","status":"publish","type":"post","link":"https:\/\/blogs.elcomercio.es\/largo_de_cafe\/2019\/07\/25\/el-noroeste-se-mueve\/","title":{"rendered":"EL NOROESTE SE MUEVE"},"content":{"rendered":"<div id=\"testArtCol_a\" class=\"art-layout-a-2x\">\n<p>Las Medallas de Oro de Galicia han sido concedidas a Javier Fern\u00e1ndez y Juan Vicente Herrera, ex presidentes de Asturias y de Castilla y Le\u00f3n. La Xunta de Galicia se las ha dado por su defensa de los intereses del Noroeste espa\u00f1ol, territorio ocupado por las tres comunidades aut\u00f3nomas.<\/p>\n<\/div>\n<div id=\"testArtCol_b\" class=\"art-layout-b-2x\">\n<p>Las citadas regiones comparten algunos problemas, aunque tambi\u00e9n tengan caracter\u00edsticas diferentes. Por citar dos de ellas, diremos que son de tama\u00f1os muy distintos (Castilla-Le\u00f3n es nueve veces m\u00e1s extensa que Asturias y tres veces m\u00e1s que Galicia) y que el sector agrario siempre tuvo m\u00e1s peso en la econom\u00edas gallega y castellana que en la asturiana, al contrario de lo que ocurre con la industria.<\/p>\n<div id=\"testArtCol_a\" class=\"art-layout-a\">\n<p>El Noroeste, como espacio pol\u00edtico, no existi\u00f3 hasta estos \u00faltimos a\u00f1os. El factor decisivo para que se movilizaran los gobiernos fue la amenaza de quiebra de la cohesi\u00f3n territorial. La Constituci\u00f3n recoge unos principios que ponen en solfa algunas comunidades ricas e insolidarias, con Catalu\u00f1a a la cabeza. Han presionado hasta tal punto que cada vez que se habla de implantar un nuevo modelo de financiaci\u00f3n auton\u00f3mica se piensa, sobre todo, en dar m\u00e1s recursos a las regiones ricas para que dejen de sentirse insatisfechas con el actual reparto.<\/p>\n<\/div>\n<div id=\"testArtCol_b\" class=\"art-layout-b\">\n<p>Asturias, por su cuenta, no puede hacer nada ante este estado de cosas. Lo mismo le ocurre a Galicia o a Castilla y Le\u00f3n. El d\u00eda que se abra la revisi\u00f3n del modelo de financiaci\u00f3n deber\u00e1n de alzar la voz las regiones pobres, reivindicando los mismos criterios, para hacer frente al discurso dominante de la \u00abfatiga fiscal\u00bb de los ricos. El primero en hablar de ella fue Pasqual Maragall, el dirigente socialista que m\u00e1s da\u00f1o hizo al cl\u00e1sico ideario de la izquierda.<\/p>\n<p>Las regiones del Noroeste tambi\u00e9n se unieron para reivindicar la inclusi\u00f3n de sus redes ferroviarias, portuarias y log\u00edsticas en el corredor del Atl\u00e1ntico. En la agenda oficial solo se hablaba de las necesidades del corredor del Mediterr\u00e1neo. De ah\u00ed se pas\u00f3 al pacto por las infraestructuras, impulsado inicialmente por las patronales. La \u00faltima iniciativa conjunta es la relacionada con el despoblamiento del Noroeste, un factor muy negativo que est\u00e1 en la base del resto de los problemas que aquejan a las tres comunidades aut\u00f3nomas.<\/p>\n<p>La entrega de premios se suele identificar con la obtenci\u00f3n de logros. En este caso est\u00e1 todo por hacer. No se ha alcanzado ning\u00fan objetivo, pero es justo reconocer que los premiados han dado el primer paso en la direcci\u00f3n correcta.<\/p>\n<\/div>\n<\/div>\n<!-- AddThis Advanced Settings generic via filter on the_content --><!-- AddThis Share Buttons generic via filter on the_content -->","protected":false},"excerpt":{"rendered":"<p>Las Medallas de Oro de Galicia han sido concedidas a Javier Fern\u00e1ndez y Juan Vicente Herrera, ex presidentes de Asturias y de Castilla y Le\u00f3n. La Xunta de Galicia se las ha dado por su defensa de los intereses del Noroeste espa\u00f1ol, territorio ocupado por las tres comunidades aut\u00f3nomas. Las citadas regiones comparten algunos problemas, [&hellip;]<!-- AddThis Advanced Settings generic via filter on get_the_excerpt --><!-- AddThis Share Buttons generic via filter on get_the_excerpt --><\/p>\n","protected":false},"author":2,"featured_media":0,"comment_status":"open","ping_status":"open","sticky":false,"template":"","format":"standard","meta":[],"categories":[1],"tags":[],"_links":{"self":[{"href":"https:\/\/blogs.elcomercio.es\/largo_de_cafe\/wp-json\/wp\/v2\/posts\/5913"}],"collection":[{"href":"https:\/\/blogs.elcomercio.es\/largo_de_cafe\/wp-json\/wp\/v2\/posts"}],"about":[{"href":"https:\/\/blogs.elcomercio.es\/largo_de_cafe\/wp-json\/wp\/v2\/types\/post"}],"author":[{"embeddable":true,"href":"https:\/\/blogs.elcomercio.es\/largo_de_cafe\/wp-json\/wp\/v2\/users\/2"}],"replies":[{"embeddable":true,"href":"https:\/\/blogs.elcomercio.es\/largo_de_cafe\/wp-json\/wp\/v2\/comments?post=5913"}],"version-history":[{"count":1,"href":"https:\/\/blogs.elcomercio.es\/largo_de_cafe\/wp-json\/wp\/v2\/posts\/5913\/revisions"}],"predecessor-version":[{"id":5914,"href":"https:\/\/blogs.elcomercio.es\/largo_de_cafe\/wp-json\/wp\/v2\/posts\/5913\/revisions\/5914"}],"wp:attachment":[{"href":"https:\/\/blogs.elcomercio.es\/largo_de_cafe\/wp-json\/wp\/v2\/media?parent=5913"}],"wp:term":[{"taxonomy":"category","embeddable":true,"href":"https:\/\/blogs.elcomercio.es\/largo_de_cafe\/wp-json\/wp\/v2\/categories?post=5913"},{"taxonomy":"post_tag","embeddable":true,"href":"https:\/\/blogs.elcomercio.es\/largo_de_cafe\/wp-json\/wp\/v2\/tags?post=5913"}],"curies":[{"name":"wp","href":"https:\/\/api.w.org\/{rel}","templated":true}]}}