{"id":5923,"date":"2019-07-29T21:55:32","date_gmt":"2019-07-29T19:55:32","guid":{"rendered":"https:\/\/blogs.elcomercio.es\/largo_de_cafe\/?p=5923"},"modified":"2019-07-29T21:55:32","modified_gmt":"2019-07-29T19:55:32","slug":"la-resaca-de-la-investidura","status":"publish","type":"post","link":"https:\/\/blogs.elcomercio.es\/largo_de_cafe\/2019\/07\/29\/la-resaca-de-la-investidura\/","title":{"rendered":"LA RESACA DE LA INVESTIDURA"},"content":{"rendered":"<div class=\"clear\">\n<div id=\"testArtCol_a\" class=\"art-layout-a\">\n<p>La frustrada investidura traer\u00e1 consecuencias en el interior de los partidos y en sus relaciones con otros grupos pol\u00edticos. El caso m\u00e1s evidente es el de Pablo Iglesias que encar\u00f3 la negociaci\u00f3n dando por sentado que habr\u00eda un gobierno de coalici\u00f3n en el que ser\u00eda vicepresidente. El resultado final no pudo ser m\u00e1s dispar: ni hay coalici\u00f3n ni \u00e9l hubiera tenido ning\u00fan cargo en el caso de haber sido votada positivamente la investidura de S\u00e1nchez. Iglesias calcul\u00f3 que con la investidura iba a borrar todos los reveses anteriores (fuerte p\u00e9rdida electoral, ruptura en el interior de Podemos) y solo ha servido para a\u00f1adir un nuevo fracaso. Su credibilidad est\u00e1 por los suelos, tras cuatro a\u00f1os de retrocesos electorales, conflictos, equivocaciones y escisiones. A todo lo anterior hay que a\u00f1adir que el PSOE ha decidido dar por finalizado el intento de entendimiento con Podemos, y hace gui\u00f1os a los grupos de la derecha. Iglesias quer\u00eda seguir negociando en agosto y S\u00e1nchez ha tachado al partido morado de la lista de posibles socios.<\/p>\n<\/div>\n<div id=\"testArtCol_b\" class=\"art-layout-b\"><span id=\"artObjectWrap2\" class=\"art-object\"><span id=\"artObject2\" class=\"art-moreimages clear\"><\/span><\/span>Los dirigentes socialistas han iniciado la operaci\u00f3n de poner a la derecha ante la responsabilidad de asegurar la gobernabilidad de la naci\u00f3n. Me parece bien. Es el \u00fanico pacto que puede dar amplia cobertura al futuro gobierno, defender inequ\u00edvocamente la Constituci\u00f3n, resistir los embates de los independentistas tras la sentencia del \u2018proc\u00e9s\u2019 y tratar los graves problemas que aquejan a Espa\u00f1a, tras un a\u00f1o de exceso de gasto (viernes sociales) para captar votos. Un acuerdo entre PSOE, PP y Ciudadanos minimizar\u00eda la fuerza de los grupos nacionalistas que son los que deciden ahora qu\u00e9 presupuestos del Estado son buenos y cu\u00e1les son malos. Mar\u00eda Luisa Carcedo apela a la responsabilidad del PP y Ciudadanos. Si la investidura de S\u00e1nchez deriva en un acuerdo de Estado, todos los partidos deben hacer sus deberes. Es impresentable que los socialistas presidan el gobierno de Navarra con el pl\u00e1cet de Bildu. Como partido constitucionalista, el PSOE deber\u00eda haber facilitado la llegada al poder de Navarra Suma, una opci\u00f3n mil veces m\u00e1s preferible. Aqu\u00ed no cabe el doble lenguaje ni las trampas. Los \u2018sanchistas\u2019 hacen bien en pedir la abstenci\u00f3n de la derecha \u2013que fue lo que ellos negaron a Rajoy\u2013, pero a condici\u00f3n de ser leales. Si quieren dejar fuera de juego a Podemos, con mucha m\u00e1s raz\u00f3n a ERC, Bildu o Junts per Catalunya. La abstenci\u00f3n de la derecha tiene un precio: apartar del poder a los enemigos de la Constituci\u00f3n.<\/p>\n<\/div>\n<\/div>\n<!-- AddThis Advanced Settings generic via filter on the_content --><!-- AddThis Share Buttons generic via filter on the_content -->","protected":false},"excerpt":{"rendered":"<p>La frustrada investidura traer\u00e1 consecuencias en el interior de los partidos y en sus relaciones con otros grupos pol\u00edticos. El caso m\u00e1s evidente es el de Pablo Iglesias que encar\u00f3 la negociaci\u00f3n dando por sentado que habr\u00eda un gobierno de coalici\u00f3n en el que ser\u00eda vicepresidente. El resultado final no pudo ser m\u00e1s dispar: ni [&hellip;]<!-- AddThis Advanced Settings generic via filter on get_the_excerpt --><!-- AddThis Share Buttons generic via filter on get_the_excerpt --><\/p>\n","protected":false},"author":2,"featured_media":0,"comment_status":"open","ping_status":"open","sticky":false,"template":"","format":"standard","meta":[],"categories":[1],"tags":[],"_links":{"self":[{"href":"https:\/\/blogs.elcomercio.es\/largo_de_cafe\/wp-json\/wp\/v2\/posts\/5923"}],"collection":[{"href":"https:\/\/blogs.elcomercio.es\/largo_de_cafe\/wp-json\/wp\/v2\/posts"}],"about":[{"href":"https:\/\/blogs.elcomercio.es\/largo_de_cafe\/wp-json\/wp\/v2\/types\/post"}],"author":[{"embeddable":true,"href":"https:\/\/blogs.elcomercio.es\/largo_de_cafe\/wp-json\/wp\/v2\/users\/2"}],"replies":[{"embeddable":true,"href":"https:\/\/blogs.elcomercio.es\/largo_de_cafe\/wp-json\/wp\/v2\/comments?post=5923"}],"version-history":[{"count":1,"href":"https:\/\/blogs.elcomercio.es\/largo_de_cafe\/wp-json\/wp\/v2\/posts\/5923\/revisions"}],"predecessor-version":[{"id":5924,"href":"https:\/\/blogs.elcomercio.es\/largo_de_cafe\/wp-json\/wp\/v2\/posts\/5923\/revisions\/5924"}],"wp:attachment":[{"href":"https:\/\/blogs.elcomercio.es\/largo_de_cafe\/wp-json\/wp\/v2\/media?parent=5923"}],"wp:term":[{"taxonomy":"category","embeddable":true,"href":"https:\/\/blogs.elcomercio.es\/largo_de_cafe\/wp-json\/wp\/v2\/categories?post=5923"},{"taxonomy":"post_tag","embeddable":true,"href":"https:\/\/blogs.elcomercio.es\/largo_de_cafe\/wp-json\/wp\/v2\/tags?post=5923"}],"curies":[{"name":"wp","href":"https:\/\/api.w.org\/{rel}","templated":true}]}}