{"id":609,"date":"2009-03-12T08:00:16","date_gmt":"2009-03-12T08:00:16","guid":{"rendered":"http:\/\/blogs.elcomercio.es\/largo_de_cafe\/?p=609"},"modified":"2009-03-12T08:00:16","modified_gmt":"2009-03-12T08:00:16","slug":"aniversario-con-polemica","status":"publish","type":"post","link":"https:\/\/blogs.elcomercio.es\/largo_de_cafe\/2009\/03\/12\/aniversario-con-polemica\/","title":{"rendered":"ANIVERSARIO CON POL\u00c9MICA"},"content":{"rendered":"<p>El homenaje a las v\u00edctimas en el quinto aniversario del 11-M estuvo marcado por la pol\u00e9mica al negarse los parlamentarios del PSOE de Madrid a acompa\u00f1ar a Esperanza Aguirre en el acto como protesta por el cierre unilateral de la comisi\u00f3n de investigaci\u00f3n sobre el &#8216;caso G\u00fcrtel&#8217;. El homenaje estuvo presidido por la presidenta madrile\u00f1a y Alberto Ruiz-Gallard\u00f3n, acompa\u00f1ados por los portavoces del PP y de IU. <\/p>\n<p>A las pocas horas de estallar las bombas colocadas en los trenes comenz\u00f3 la controversia sobre el atentado. Nunca pas\u00f3 nada igual con cualquier otra matanza terrorista en Espa\u00f1a. Se entiende que haya discrepancias sobre las estrategias a seguir contra las bandas de asesinos, pero es dif\u00edcil de aceptar la divisi\u00f3n ante el hecho mismo de los atentados y las investigaciones posteriores de los cuerpos policiales. Desde entonces, en ning\u00fan momento se detuvo la pol\u00e9mica, llegando los principales l\u00edderes pol\u00edticos a hacer interpretaciones contradictorias sobre la sentencia el mismo d\u00eda que la Audiencia Nacional la daba a conocer. <\/p>\n<p>En ese contexto cabe interpretar lo sucedido con el homenaje del quinto aniversario de la matanza. El primer error consisti\u00f3 en hacer celebraciones institucionales distintas, cuando la ocasi\u00f3n era lo suficientemente importante como para realizar un gran acto en el que se dieran cita el Gobierno, el Parlamento, los miembros del Consejo General del Poder Judicial, junto a los representantes de la Comunidad Aut\u00f3noma de Madrid y del Ayuntamiento de la capital. No se entiende bien la pluralidad de actos cuando el atentado afect\u00f3 a todos por igual. A partir de ese error lleg\u00f3 la decisi\u00f3n de los diputados socialistas de abstenerse de participar junto a Aguirre. Uno puede entender la indignaci\u00f3n de la oposici\u00f3n con la presidenta madrile\u00f1a, pero el recuerdo de las v\u00edctimas bien merec\u00eda hacer una excepci\u00f3n con la postura abstencionista. Los diputados de IU estuvieron en el acto sin que su presencia suponga ning\u00fan trato favorable hacia Esperanza Aguirre. Asistir a un homenaje de ese tipo supone identificarse con dos ideas: la solidaridad y el apoyo a las v\u00edctimas est\u00e1 por encima de cualquier estrategia pol\u00edtica y el rechazo a los terroristas es tan radical que en la foto deben salir juntos los dem\u00f3cratas como militantes del mismo partido. \u00c9l de la libertad.<\/p>\n<!-- AddThis Advanced Settings generic via filter on the_content --><!-- AddThis Share Buttons generic via filter on the_content -->","protected":false},"excerpt":{"rendered":"<p>El homenaje a las v\u00edctimas en el quinto aniversario del 11-M estuvo marcado por la pol\u00e9mica al negarse los parlamentarios del PSOE de Madrid a acompa\u00f1ar a Esperanza Aguirre en el acto como protesta por el cierre unilateral de la comisi\u00f3n de investigaci\u00f3n sobre el &#8216;caso G\u00fcrtel&#8217;. El homenaje estuvo presidido por la presidenta madrile\u00f1a [&hellip;]<!-- AddThis Advanced Settings generic via filter on get_the_excerpt --><!-- AddThis Share Buttons generic via filter on get_the_excerpt --><\/p>\n","protected":false},"author":2,"featured_media":0,"comment_status":"open","ping_status":"closed","sticky":false,"template":"","format":"standard","meta":[],"categories":[4],"tags":[],"_links":{"self":[{"href":"https:\/\/blogs.elcomercio.es\/largo_de_cafe\/wp-json\/wp\/v2\/posts\/609"}],"collection":[{"href":"https:\/\/blogs.elcomercio.es\/largo_de_cafe\/wp-json\/wp\/v2\/posts"}],"about":[{"href":"https:\/\/blogs.elcomercio.es\/largo_de_cafe\/wp-json\/wp\/v2\/types\/post"}],"author":[{"embeddable":true,"href":"https:\/\/blogs.elcomercio.es\/largo_de_cafe\/wp-json\/wp\/v2\/users\/2"}],"replies":[{"embeddable":true,"href":"https:\/\/blogs.elcomercio.es\/largo_de_cafe\/wp-json\/wp\/v2\/comments?post=609"}],"version-history":[{"count":0,"href":"https:\/\/blogs.elcomercio.es\/largo_de_cafe\/wp-json\/wp\/v2\/posts\/609\/revisions"}],"wp:attachment":[{"href":"https:\/\/blogs.elcomercio.es\/largo_de_cafe\/wp-json\/wp\/v2\/media?parent=609"}],"wp:term":[{"taxonomy":"category","embeddable":true,"href":"https:\/\/blogs.elcomercio.es\/largo_de_cafe\/wp-json\/wp\/v2\/categories?post=609"},{"taxonomy":"post_tag","embeddable":true,"href":"https:\/\/blogs.elcomercio.es\/largo_de_cafe\/wp-json\/wp\/v2\/tags?post=609"}],"curies":[{"name":"wp","href":"https:\/\/api.w.org\/{rel}","templated":true}]}}