{"id":613,"date":"2009-03-16T07:59:34","date_gmt":"2009-03-16T07:59:34","guid":{"rendered":"http:\/\/blogs.elcomercio.es\/largo_de_cafe\/?p=613"},"modified":"2009-03-16T07:59:34","modified_gmt":"2009-03-16T07:59:34","slug":"el-escano-europeo","status":"publish","type":"post","link":"https:\/\/blogs.elcomercio.es\/largo_de_cafe\/2009\/03\/16\/el-escano-europeo\/","title":{"rendered":"EL ESCA\u00d1O EUROPEO"},"content":{"rendered":"<p>Las elecciones europeas del pr\u00f3ximo mes de junio constituir\u00e1n un test sobre el mapa pol\u00edtico nacional. Aunque el motivo de los comicios tiene que ver con la Uni\u00f3n Europea, el ciudadano acudir\u00e1 a las urnas pensando en Espa\u00f1a. Se trata de una pauta que ha acompa\u00f1ado a todas las renovaciones del Parlamento europeo al convertirse en una excelente ocasi\u00f3n para saber lo que piensa la opini\u00f3n p\u00fablica del Gobierno y de la oposici\u00f3n. La problem\u00e1tica europea resulta lejana y la gente no identifica sus intereses con lo que se discute en la C\u00e1mara de Estrasburgo. No le falta algo de raz\u00f3n, porque el Parlamento europeo carece de algunas caracter\u00edsticas propias de los sistemas parlamentarios, como es la capacidad para investir un presidente. En el desinter\u00e9s de la gente pesan, sobre todo, las carencias institucionales y pol\u00edticas de la Uni\u00f3n Europea. <\/p>\n<p>En la candidatura del Partido Popular parece que repetir\u00e1 Salvador Garriga y es posible que tambi\u00e9n vaya Ovidio S\u00e1nchez. Contar con dos asturianos en puestos de salida de la lista delos populares ser\u00e1 una novedad. Garriga es un profundo conocedor de la pol\u00edtica de la UE y Ovidio S\u00e1nchez tiene en Estrasburgo algo m\u00e1s que una vieja aspiraci\u00f3n. Si algo ha planificado meticulosamente Ovidio S\u00e1nchez es su itinerario pol\u00edtico, una trayectoria que empez\u00f3 hace m\u00e1s de veinticinco a\u00f1os de concejal de la oposici\u00f3n en el Ayuntamiento de Oviedo. Presidente de la Junta General del Principado, senador, l\u00edder de la oposici\u00f3n en la C\u00e1mara auton\u00f3mica y ahora, eurodiputado. Ovidio S\u00e1nchez tendr\u00eda en Garriga un excelente gu\u00eda para desenvolverse por las instituciones europeas. Si al final los deseos del presidente del PP asturiano se vieran truncados, sufrir\u00eda un contratiempo la renovaci\u00f3n del partido en el Principado, que pasa por el abandono de Ovidio S\u00e1nchez de la pol\u00edtica asturiana para ser reemplazado por el futuro aspirante a gobernar la comunidad aut\u00f3noma. <\/p>\n<p>Las listas europeas tienen en todos los partidos algo de premio o recompensa a toda una carrera pol\u00edtica. Es f\u00e1cil encontrar a ex ministros o a diputados nacionales y auton\u00f3micos con muchos trienios de desempe\u00f1o. Hay tres notas que caracterizan al destino europeo: mayor calidad de vida que en otros puestos, un sueldo m\u00e1s holgado y una mayor estabilidad en el trabajo (cinco a\u00f1os, como m\u00ednimo). La prensa molesta menos y no hay gobierno que defender o combatir desde la C\u00e1mara.<\/p>\n<!-- AddThis Advanced Settings generic via filter on the_content --><!-- AddThis Share Buttons generic via filter on the_content -->","protected":false},"excerpt":{"rendered":"<p>Las elecciones europeas del pr\u00f3ximo mes de junio constituir\u00e1n un test sobre el mapa pol\u00edtico nacional. Aunque el motivo de los comicios tiene que ver con la Uni\u00f3n Europea, el ciudadano acudir\u00e1 a las urnas pensando en Espa\u00f1a. Se trata de una pauta que ha acompa\u00f1ado a todas las renovaciones del Parlamento europeo al convertirse [&hellip;]<!-- AddThis Advanced Settings generic via filter on get_the_excerpt --><!-- AddThis Share Buttons generic via filter on get_the_excerpt --><\/p>\n","protected":false},"author":2,"featured_media":0,"comment_status":"open","ping_status":"closed","sticky":false,"template":"","format":"standard","meta":[],"categories":[4],"tags":[],"_links":{"self":[{"href":"https:\/\/blogs.elcomercio.es\/largo_de_cafe\/wp-json\/wp\/v2\/posts\/613"}],"collection":[{"href":"https:\/\/blogs.elcomercio.es\/largo_de_cafe\/wp-json\/wp\/v2\/posts"}],"about":[{"href":"https:\/\/blogs.elcomercio.es\/largo_de_cafe\/wp-json\/wp\/v2\/types\/post"}],"author":[{"embeddable":true,"href":"https:\/\/blogs.elcomercio.es\/largo_de_cafe\/wp-json\/wp\/v2\/users\/2"}],"replies":[{"embeddable":true,"href":"https:\/\/blogs.elcomercio.es\/largo_de_cafe\/wp-json\/wp\/v2\/comments?post=613"}],"version-history":[{"count":0,"href":"https:\/\/blogs.elcomercio.es\/largo_de_cafe\/wp-json\/wp\/v2\/posts\/613\/revisions"}],"wp:attachment":[{"href":"https:\/\/blogs.elcomercio.es\/largo_de_cafe\/wp-json\/wp\/v2\/media?parent=613"}],"wp:term":[{"taxonomy":"category","embeddable":true,"href":"https:\/\/blogs.elcomercio.es\/largo_de_cafe\/wp-json\/wp\/v2\/categories?post=613"},{"taxonomy":"post_tag","embeddable":true,"href":"https:\/\/blogs.elcomercio.es\/largo_de_cafe\/wp-json\/wp\/v2\/tags?post=613"}],"curies":[{"name":"wp","href":"https:\/\/api.w.org\/{rel}","templated":true}]}}