{"id":629,"date":"2009-04-01T07:56:48","date_gmt":"2009-04-01T07:56:48","guid":{"rendered":"http:\/\/blogs.elcomercio.es\/largo_de_cafe\/?p=629"},"modified":"2009-04-01T07:56:48","modified_gmt":"2009-04-01T07:56:48","slug":"la-formula-del-bienestar","status":"publish","type":"post","link":"https:\/\/blogs.elcomercio.es\/largo_de_cafe\/2009\/04\/01\/la-formula-del-bienestar\/","title":{"rendered":"LA F\u00d3RMULA DEL BIENESTAR"},"content":{"rendered":"<p>    En la sede del Centro de Estudios Pol\u00edticos y Constitucionales, \u00c1lvarez Areces pronunci\u00f3 una conferencia sobre la visi\u00f3n de la Constituci\u00f3n desde las comunidades aut\u00f3nomas en la que lanz\u00f3 la propuesta de un gran pacto nacional para preservar el Estado del Bienestar. El presidente asturiano considera necesario el acuerdo sobre un nuevo modelo de financiaci\u00f3n auton\u00f3mica, porque en caso contrario aumentar\u00e1 la conflictividad y se deteriorar\u00e1 la calidad de los servicios p\u00fablicos, pero advirti\u00f3 que la sostenibilidad del Estado del Bienestar no es s\u00f3lo cuesti\u00f3n de dinero.  <\/p>\n<p>     Es importante separar financiaci\u00f3n auton\u00f3mica de Estado del Bienestar. La primera cuesti\u00f3n afecta a la situaci\u00f3n econ\u00f3mica de las regiones y la segunda tiene que ver con la protecci\u00f3n del individuo y  la oferta de prestaciones que reciben ricos y pobres por el hecho de ser ciudadanos de este pa\u00eds. Ya s\u00e9 que la educaci\u00f3n y la sanidad, paredes maestras del bienestar, est\u00e1n en manos de las comunidades aut\u00f3nomas y concentran la mayor parte de los recursos que gestionan los gobiernos regionales, pero aunque no existiera el invento auton\u00f3mico ser\u00eda pertinente hablar del Estado del Bienestar en nuestra sociedad. Es m\u00e1s, la insolidaridad entre comunidades hace m\u00e1s costoso mantener el bienestar. Sin un esfuerzo de cooperaci\u00f3n territorial es muy dif\u00edcil mantener la calidad de las prestaciones sanitarias, educativas y sociales, as\u00ed que urge poner en orden las prioridades pol\u00edticas: lo primero es garantizar los derechos sociales a todos los ciudadanos y luego toca asegurar la gesti\u00f3n auton\u00f3mica de los servicios, con sus especificidades y se\u00f1as de identidad.<\/p>\n<p>     El Estado del Bienestar se mantiene sobre dos pilares: actividad econ\u00f3mica y recaudaci\u00f3n fiscal. En un contexto de crisis no cabe hacerse trampas: todos los planes deben supeditarse a reanimar la econom\u00eda. Si un pa\u00eds se mantiene durante cierto tiempo en recesi\u00f3n econ\u00f3mica el Estado del Bienestar se resiente, porque la recaudaci\u00f3n fiscal baja. Suecia constituy\u00f3 un sistema mod\u00e9lico de derechos sociales porque era un pa\u00eds rico. El gran pacto nacional tiene que tener como base el impulso econ\u00f3mico, con sacrificios de empresarios y trabajadores, y a partir de ah\u00ed el Estado con sus impuestos extiende un manto protector sobre enfermos, ni\u00f1os y viejos.  <\/p>\n<!-- AddThis Advanced Settings generic via filter on the_content --><!-- AddThis Share Buttons generic via filter on the_content -->","protected":false},"excerpt":{"rendered":"<p>En la sede del Centro de Estudios Pol\u00edticos y Constitucionales, \u00c1lvarez Areces pronunci\u00f3 una conferencia sobre la visi\u00f3n de la Constituci\u00f3n desde las comunidades aut\u00f3nomas en la que lanz\u00f3 la propuesta de un gran pacto nacional para preservar el Estado del Bienestar. El presidente asturiano considera necesario el acuerdo sobre un nuevo modelo de financiaci\u00f3n [&hellip;]<!-- AddThis Advanced Settings generic via filter on get_the_excerpt --><!-- AddThis Share Buttons generic via filter on get_the_excerpt --><\/p>\n","protected":false},"author":2,"featured_media":0,"comment_status":"open","ping_status":"closed","sticky":false,"template":"","format":"standard","meta":[],"categories":[4],"tags":[],"_links":{"self":[{"href":"https:\/\/blogs.elcomercio.es\/largo_de_cafe\/wp-json\/wp\/v2\/posts\/629"}],"collection":[{"href":"https:\/\/blogs.elcomercio.es\/largo_de_cafe\/wp-json\/wp\/v2\/posts"}],"about":[{"href":"https:\/\/blogs.elcomercio.es\/largo_de_cafe\/wp-json\/wp\/v2\/types\/post"}],"author":[{"embeddable":true,"href":"https:\/\/blogs.elcomercio.es\/largo_de_cafe\/wp-json\/wp\/v2\/users\/2"}],"replies":[{"embeddable":true,"href":"https:\/\/blogs.elcomercio.es\/largo_de_cafe\/wp-json\/wp\/v2\/comments?post=629"}],"version-history":[{"count":0,"href":"https:\/\/blogs.elcomercio.es\/largo_de_cafe\/wp-json\/wp\/v2\/posts\/629\/revisions"}],"wp:attachment":[{"href":"https:\/\/blogs.elcomercio.es\/largo_de_cafe\/wp-json\/wp\/v2\/media?parent=629"}],"wp:term":[{"taxonomy":"category","embeddable":true,"href":"https:\/\/blogs.elcomercio.es\/largo_de_cafe\/wp-json\/wp\/v2\/categories?post=629"},{"taxonomy":"post_tag","embeddable":true,"href":"https:\/\/blogs.elcomercio.es\/largo_de_cafe\/wp-json\/wp\/v2\/tags?post=629"}],"curies":[{"name":"wp","href":"https:\/\/api.w.org\/{rel}","templated":true}]}}